{"id":80800,"date":"2022-09-29T09:01:10","date_gmt":"2022-09-29T07:01:10","guid":{"rendered":"https:\/\/protezionecivile.regione.abruzzo.it:443\/agenzia\/?p=80800"},"modified":"2022-10-24T09:37:09","modified_gmt":"2022-10-24T07:37:09","slug":"siamo-tutti-protezione-civile-prevedere-per-prevenire","status":"publish","type":"post","link":"https:\/\/protezionecivile.regione.abruzzo.it:443\/agenzia\/siamo-tutti-protezione-civile-prevedere-per-prevenire\/","title":{"rendered":"Siamo tutti Protezione civile: prevedere per prevenire"},"content":{"rendered":" \n<p>L\u2019Aquila, 29 settembre 2022 &#8211; Venerd\u00ec 30 settembre dalle 16:00 alle 23:30, all\u2019Aquila (Piazza Duomo) si rinnover\u00e0 l\u2019evento \u201cSHARPER &#8211; LA NOTTE DEI RICERCATORI\u201d promosso e organizzato dai Laboratori Nazionali del Gran Sasso con la collaborazione del Comune dell\u2019Aquila, del Gran Sasso Science Institute e della Regione Abruzzo.<br>Oltre ad offrire un programma vario e multidisciplinare, quest\u2019anno l\u2019evento sar\u00e0 ancora pi\u00f9 ricco grazie alla partecipazione dell\u2019Agenzia Regionale di Protezione Civile che metter\u00e0 in campo professionalit\u00e0 e mezzi della protezione civile regionale a testimoniare l\u2019impegno in favore della prevenzione e della sicurezza.<br>\u201cLa protezione civile \u00e8 un sistema di persone, professionalit\u00e0, mezzi e conoscenze che possono fare la differenza quando si \u00e8 esposti ad un rischio ambientale\u201d ha detto Mauro Casinghini, direttore dell\u2019Agenzia di PC\u201d. \u201cLe decisioni in fase di emergenza devono essere prese in tempi rapidi\u201d, ha aggiunto, \u201cma per costruire la consapevolezza del rischio c\u2019\u00e8 bisogno di studio e di collaborazione tra le istituzioni e il cittadino\u201d \u201cTutti abbiamo un ruolo importante per proteggerci e per proteggere gli altri e quella di SHARPER rappresenta un\u2019occasione importantissima per sensibilizzare e diffondere la cultura della prevenzione e delle buon pratiche, a cominciare dai pi\u00f9 piccoli che potranno giocare e sperimentare insieme agli operatori di protezione civile\u201d. GIZZI\/PC\/220929<\/p>\n\n\n\n<p><a href=\"https:\/\/www.regione.abruzzo.it\/content\/siamo-tutti-protezione-civile-prevedere-prevenire\">https:\/\/www.regione.abruzzo.it\/content\/siamo-tutti-protezione-civile-prevedere-prevenire<\/a><\/p>\n ","protected":false},"excerpt":{"rendered":"<p> L\u2019Aquila, 29 settembre 2022 &#8211; Venerd\u00ec 30 settembre dalle 16:00 alle 23:30, all\u2019Aquila (Piazza Duomo) si rinnover\u00e0 l\u2019evento \u201cSHARPER &#8211; LA NOTTE DEI RICERCATORI\u201d promosso e organizzato dai Laboratori Nazionali [&hellip;] <\/p>\n","protected":false},"author":1,"featured_media":80801,"comment_status":"closed","ping_status":"closed","sticky":false,"template":"","format":"standard","meta":{"footnotes":"","_expiration-date-status":"","_expiration-date":0,"_expiration-date-type":"","_expiration-date-categories":[],"_expiration-date-options":[]},"categories":[400],"tags":[642],"class_list":["post-80800","post","type-post","status-publish","format-standard","has-post-thumbnail","hentry","category-notizie","tag-home-page"],"acf":[],"yoast_head":"<!-- This site is optimized with the Yoast SEO plugin v19.9 - https:\/\/yoast.com\/wordpress\/plugins\/seo\/ -->\n<title>Siamo tutti Protezione civile: prevedere per prevenire - [ APC Regione Abruzzo<\/title>\n<meta name=\"robots\" content=\"index, follow, max-snippet:-1, max-image-preview:large, max-video-preview:-1\" \/>\n<link rel=\"canonical\" href=\"https:\/\/protezionecivile.regione.abruzzo.it:443\/agenzia\/siamo-tutti-protezione-civile-prevedere-per-prevenire\/\" \/>\n<meta property=\"og:locale\" content=\"it_IT\" \/>\n<meta property=\"og:type\" content=\"article\" \/>\n<meta property=\"og:title\" content=\"Siamo tutti Protezione civile: prevedere per prevenire - [ APC Regione Abruzzo\" \/>\n<meta property=\"og:description\" content=\"L\u2019Aquila, 29 settembre 2022 &#8211; Venerd\u00ec 30 settembre dalle 16:00 alle 23:30, all\u2019Aquila (Piazza Duomo) si rinnover\u00e0 l\u2019evento \u201cSHARPER &#8211; LA NOTTE DEI RICERCATORI\u201d promosso e organizzato dai Laboratori Nazionali [&hellip;]\" \/>\n<meta property=\"og:url\" content=\"https:\/\/protezionecivile.regione.abruzzo.it:443\/agenzia\/siamo-tutti-protezione-civile-prevedere-per-prevenire\/\" \/>\n<meta property=\"og:site_name\" content=\"[ APC Regione Abruzzo\" \/>\n<meta property=\"article:published_time\" content=\"2022-09-29T07:01:10+00:00\" \/>\n<meta property=\"article:modified_time\" content=\"2022-10-24T07:37:09+00:00\" \/>\n<meta property=\"og:image\" content=\"https:\/\/protezionecivile.regione.abruzzo.it:443\/agenzia\/wp-content\/uploads\/2022\/10\/sharper-la-notte-dei-ricercatori-abruzzo.jpg\" \/>\n\t<meta property=\"og:image:width\" content=\"1460\" \/>\n\t<meta property=\"og:image:height\" content=\"990\" \/>\n\t<meta property=\"og:image:type\" content=\"image\/jpeg\" \/>\n<meta name=\"author\" content=\"Ferter1975\" \/>\n<meta name=\"twitter:card\" content=\"summary_large_image\" \/>\n<meta name=\"twitter:label1\" content=\"Scritto da\" \/>\n\t<meta name=\"twitter:data1\" content=\"Ferter1975\" \/>\n\t<meta name=\"twitter:label2\" content=\"Tempo di lettura stimato\" \/>\n\t<meta name=\"twitter:data2\" content=\"2 minuti\" \/>\n<script type=\"application\/ld+json\" class=\"yoast-schema-graph\">{\"@context\":\"https:\/\/schema.org\",\"@graph\":[{\"@type\":\"WebPage\",\"@id\":\"https:\/\/protezionecivile.regione.abruzzo.it:443\/agenzia\/siamo-tutti-protezione-civile-prevedere-per-prevenire\/\",\"url\":\"https:\/\/protezionecivile.regione.abruzzo.it:443\/agenzia\/siamo-tutti-protezione-civile-prevedere-per-prevenire\/\",\"name\":\"Siamo tutti Protezione civile: prevedere per prevenire - [ APC Regione Abruzzo\",\"isPartOf\":{\"@id\":\"https:\/\/protezionecivile.regione.abruzzo.it:443\/agenzia\/#website\"},\"datePublished\":\"2022-09-29T07:01:10+00:00\",\"dateModified\":\"2022-10-24T07:37:09+00:00\",\"author\":{\"@id\":\"https:\/\/protezionecivile.regione.abruzzo.it:443\/agenzia\/#\/schema\/person\/b0076730d23ae3abf7bb21227f1e490d\"},\"breadcrumb\":{\"@id\":\"https:\/\/protezionecivile.regione.abruzzo.it:443\/agenzia\/siamo-tutti-protezione-civile-prevedere-per-prevenire\/#breadcrumb\"},\"inLanguage\":\"it-IT\",\"potentialAction\":[{\"@type\":\"ReadAction\",\"target\":[\"https:\/\/protezionecivile.regione.abruzzo.it:443\/agenzia\/siamo-tutti-protezione-civile-prevedere-per-prevenire\/\"]}]},{\"@type\":\"BreadcrumbList\",\"@id\":\"https:\/\/protezionecivile.regione.abruzzo.it:443\/agenzia\/siamo-tutti-protezione-civile-prevedere-per-prevenire\/#breadcrumb\",\"itemListElement\":[{\"@type\":\"ListItem\",\"position\":1,\"name\":\"Home\",\"item\":\"https:\/\/protezionecivile.regione.abruzzo.it:443\/agenzia\/\"},{\"@type\":\"ListItem\",\"position\":2,\"name\":\"Siamo tutti Protezione civile: prevedere per prevenire\"}]},{\"@type\":\"WebSite\",\"@id\":\"https:\/\/protezionecivile.regione.abruzzo.it:443\/agenzia\/#website\",\"url\":\"https:\/\/protezionecivile.regione.abruzzo.it:443\/agenzia\/\",\"name\":\"[ APC Regione Abruzzo\",\"description\":\"[ Agenzia Protezione Civile Regione Abruzzo\",\"potentialAction\":[{\"@type\":\"SearchAction\",\"target\":{\"@type\":\"EntryPoint\",\"urlTemplate\":\"https:\/\/protezionecivile.regione.abruzzo.it:443\/agenzia\/?s={search_term_string}\"},\"query-input\":\"required name=search_term_string\"}],\"inLanguage\":\"it-IT\"},{\"@type\":\"Person\",\"@id\":\"https:\/\/protezionecivile.regione.abruzzo.it:443\/agenzia\/#\/schema\/person\/b0076730d23ae3abf7bb21227f1e490d\",\"name\":\"Ferter1975\",\"image\":{\"@type\":\"ImageObject\",\"inLanguage\":\"it-IT\",\"@id\":\"https:\/\/protezionecivile.regione.abruzzo.it:443\/agenzia\/#\/schema\/person\/image\/\",\"url\":\"https:\/\/secure.gravatar.com\/avatar\/53ff3d880f7e4e376c64ac961b6475a99601fe01c0607b0766cab8406f0e68f5?s=96&d=mm&r=g\",\"contentUrl\":\"https:\/\/secure.gravatar.com\/avatar\/53ff3d880f7e4e376c64ac961b6475a99601fe01c0607b0766cab8406f0e68f5?s=96&d=mm&r=g\",\"caption\":\"Ferter1975\"},\"sameAs\":[\"https:\/\/protezionecivile.regione.abruzzo.it:443\/agenzia\"]}]}<\/script>\n<!-- \/ Yoast SEO plugin. -->","yoast_head_json":{"title":"Siamo tutti Protezione civile: prevedere per prevenire - [ APC Regione Abruzzo","robots":{"index":"index","follow":"follow","max-snippet":"max-snippet:-1","max-image-preview":"max-image-preview:large","max-video-preview":"max-video-preview:-1"},"canonical":"https:\/\/protezionecivile.regione.abruzzo.it:443\/agenzia\/siamo-tutti-protezione-civile-prevedere-per-prevenire\/","og_locale":"it_IT","og_type":"article","og_title":"Siamo tutti Protezione civile: prevedere per prevenire - [ APC Regione Abruzzo","og_description":"L\u2019Aquila, 29 settembre 2022 &#8211; Venerd\u00ec 30 settembre dalle 16:00 alle 23:30, all\u2019Aquila (Piazza Duomo) si rinnover\u00e0 l\u2019evento \u201cSHARPER &#8211; LA NOTTE DEI RICERCATORI\u201d promosso e organizzato dai Laboratori Nazionali [&hellip;]","og_url":"https:\/\/protezionecivile.regione.abruzzo.it:443\/agenzia\/siamo-tutti-protezione-civile-prevedere-per-prevenire\/","og_site_name":"[ APC Regione Abruzzo","article_published_time":"2022-09-29T07:01:10+00:00","article_modified_time":"2022-10-24T07:37:09+00:00","og_image":[{"width":1460,"height":990,"url":"https:\/\/protezionecivile.regione.abruzzo.it:443\/agenzia\/wp-content\/uploads\/2022\/10\/sharper-la-notte-dei-ricercatori-abruzzo.jpg","type":"image\/jpeg"}],"author":"Ferter1975","twitter_card":"summary_large_image","twitter_misc":{"Scritto da":"Ferter1975","Tempo di lettura stimato":"2 minuti"},"schema":{"@context":"https:\/\/schema.org","@graph":[{"@type":"WebPage","@id":"https:\/\/protezionecivile.regione.abruzzo.it:443\/agenzia\/siamo-tutti-protezione-civile-prevedere-per-prevenire\/","url":"https:\/\/protezionecivile.regione.abruzzo.it:443\/agenzia\/siamo-tutti-protezione-civile-prevedere-per-prevenire\/","name":"Siamo tutti Protezione civile: prevedere per prevenire - [ APC Regione Abruzzo","isPartOf":{"@id":"https:\/\/protezionecivile.regione.abruzzo.it:443\/agenzia\/#website"},"datePublished":"2022-09-29T07:01:10+00:00","dateModified":"2022-10-24T07:37:09+00:00","author":{"@id":"https:\/\/protezionecivile.regione.abruzzo.it:443\/agenzia\/#\/schema\/person\/b0076730d23ae3abf7bb21227f1e490d"},"breadcrumb":{"@id":"https:\/\/protezionecivile.regione.abruzzo.it:443\/agenzia\/siamo-tutti-protezione-civile-prevedere-per-prevenire\/#breadcrumb"},"inLanguage":"it-IT","potentialAction":[{"@type":"ReadAction","target":["https:\/\/protezionecivile.regione.abruzzo.it:443\/agenzia\/siamo-tutti-protezione-civile-prevedere-per-prevenire\/"]}]},{"@type":"BreadcrumbList","@id":"https:\/\/protezionecivile.regione.abruzzo.it:443\/agenzia\/siamo-tutti-protezione-civile-prevedere-per-prevenire\/#breadcrumb","itemListElement":[{"@type":"ListItem","position":1,"name":"Home","item":"https:\/\/protezionecivile.regione.abruzzo.it:443\/agenzia\/"},{"@type":"ListItem","position":2,"name":"Siamo tutti Protezione civile: prevedere per prevenire"}]},{"@type":"WebSite","@id":"https:\/\/protezionecivile.regione.abruzzo.it:443\/agenzia\/#website","url":"https:\/\/protezionecivile.regione.abruzzo.it:443\/agenzia\/","name":"[ APC Regione Abruzzo","description":"[ Agenzia Protezione Civile Regione Abruzzo","potentialAction":[{"@type":"SearchAction","target":{"@type":"EntryPoint","urlTemplate":"https:\/\/protezionecivile.regione.abruzzo.it:443\/agenzia\/?s={search_term_string}"},"query-input":"required name=search_term_string"}],"inLanguage":"it-IT"},{"@type":"Person","@id":"https:\/\/protezionecivile.regione.abruzzo.it:443\/agenzia\/#\/schema\/person\/b0076730d23ae3abf7bb21227f1e490d","name":"Ferter1975","image":{"@type":"ImageObject","inLanguage":"it-IT","@id":"https:\/\/protezionecivile.regione.abruzzo.it:443\/agenzia\/#\/schema\/person\/image\/","url":"https:\/\/secure.gravatar.com\/avatar\/53ff3d880f7e4e376c64ac961b6475a99601fe01c0607b0766cab8406f0e68f5?s=96&d=mm&r=g","contentUrl":"https:\/\/secure.gravatar.com\/avatar\/53ff3d880f7e4e376c64ac961b6475a99601fe01c0607b0766cab8406f0e68f5?s=96&d=mm&r=g","caption":"Ferter1975"},"sameAs":["https:\/\/protezionecivile.regione.abruzzo.it:443\/agenzia"]}]}},"_links":{"self":[{"href":"https:\/\/protezionecivile.regione.abruzzo.it:443\/agenzia\/wp-json\/wp\/v2\/posts\/80800","targetHints":{"allow":["GET"]}}],"collection":[{"href":"https:\/\/protezionecivile.regione.abruzzo.it:443\/agenzia\/wp-json\/wp\/v2\/posts"}],"about":[{"href":"https:\/\/protezionecivile.regione.abruzzo.it:443\/agenzia\/wp-json\/wp\/v2\/types\/post"}],"author":[{"embeddable":true,"href":"https:\/\/protezionecivile.regione.abruzzo.it:443\/agenzia\/wp-json\/wp\/v2\/users\/1"}],"replies":[{"embeddable":true,"href":"https:\/\/protezionecivile.regione.abruzzo.it:443\/agenzia\/wp-json\/wp\/v2\/comments?post=80800"}],"version-history":[{"count":0,"href":"https:\/\/protezionecivile.regione.abruzzo.it:443\/agenzia\/wp-json\/wp\/v2\/posts\/80800\/revisions"}],"wp:featuredmedia":[{"embeddable":true,"href":"https:\/\/protezionecivile.regione.abruzzo.it:443\/agenzia\/wp-json\/wp\/v2\/media\/80801"}],"wp:attachment":[{"href":"https:\/\/protezionecivile.regione.abruzzo.it:443\/agenzia\/wp-json\/wp\/v2\/media?parent=80800"}],"wp:term":[{"taxonomy":"category","embeddable":true,"href":"https:\/\/protezionecivile.regione.abruzzo.it:443\/agenzia\/wp-json\/wp\/v2\/categories?post=80800"},{"taxonomy":"post_tag","embeddable":true,"href":"https:\/\/protezionecivile.regione.abruzzo.it:443\/agenzia\/wp-json\/wp\/v2\/tags?post=80800"}],"curies":[{"name":"wp","href":"https:\/\/api.w.org\/{rel}","templated":true}]}}