{"id":80819,"date":"2022-02-23T09:23:00","date_gmt":"2022-02-23T08:23:00","guid":{"rendered":"https:\/\/protezionecivile.regione.abruzzo.it:443\/agenzia\/?p=80819"},"modified":"2022-10-21T09:25:22","modified_gmt":"2022-10-21T07:25:22","slug":"protezione-civile-sottoscritti-due-protocolli-dintesa-con-anci-e-uncem-per-attivita-di-sicurezza-e-di-tutela-del-territorio","status":"publish","type":"post","link":"https:\/\/protezionecivile.regione.abruzzo.it:443\/agenzia\/protezione-civile-sottoscritti-due-protocolli-dintesa-con-anci-e-uncem-per-attivita-di-sicurezza-e-di-tutela-del-territorio\/","title":{"rendered":"Protezione Civile: sottoscritti due protocolli d\u2019intesa con ANCI e UNCEM per attivit\u00e0 di sicurezza e di tutela del territorio"},"content":{"rendered":" \n<p>(Regflash) L\u2019Aquila, 23 feb &#8211; Due distinti protocolli d\u2019intesa tra Regione Abruzzo, ANCI Abruzzo e UNCEM Abruzzo, inerenti attivit\u00e0 di collaborazione in materia di Protezione civile, sono stati sottoscritti all\u2019Aquila nella sede dell\u2019Agenzia Regionale di Protezione Civile.<br>I documenti sono stati siglati da Mauro Casinghini, direttore dell\u2019Agenzia Regionale di Protezione Civile, Lorenzo Berardinetti, presidente dell\u2019Unione Nazionale Comuni Comunit\u00e0 Enti Montani &#8211; UNCEM Abruzzo e dal presidente dell\u2019Associazione Nazionale Comuni d\u2019Italia \u2013 ANCI Abruzzo, Gianguido D\u2019Alberto.<br>I due protocolli sono volti al rafforzamento della cooperazione tra Protezione Civile, amministrazioni ed enti diversi chiamati a interagire tra di loro in caso di interventi di protezione civile di interesse comune, oltre che in eventuali altre iniziative volte alla prevenzione dei rischi, all\u2019identificazione degli scenari di pericolosit\u00e0 e alla pianificazione del territorio ai fini di protezione civile.<br>Nel documento la Regione Abruzzo assicura lo svolgimento delle attivit\u00e0 di protezione civile nei limiti delle competenze proprie o delegate ed in armonia con i principi della legislazione statale vigente in materia, attraverso l\u2019Agenzia regionale di Protezione civile istituita con L.R. n. 46\/2019.<br>Nell\u2019intesa sottoscritta con ANCI, a cui l\u2019Agenzia riconosce il ruolo di rappresentanza nell\u2019ambito della Protezione Civile quale punto di riferimento organizzativo dei comuni abruzzesi, la stessa si impegna ad intervenire con propri rappresentanti in ogni sede nella quale si discutano tematiche di protezione civile o si attuino politiche di sicurezza dei cittadini.<br>Insieme, l\u2019Agenzia di Protezione Civile e l\u2019Associazione dei comuni abruzzesi si impegnano a diffondere sul territorio strumenti in grado di razionalizzare l\u2019impiego delle risorse, anche finanziarie, disponibili per le attivit\u00e0 di protezione civile, intervenendo su Fondazioni bancarie, istituzioni locali e regionali nell&#8217;individuare risorse per la formazione di eventuali progettualit\u00e0 territoriali.<br>Nella convenzione viene dato ampio rilievo al ruolo del volontariato di protezione civile in attivit\u00e0 nei vari territori comunali, prevedendone azioni di promozione e di sviluppo, nonch\u00e9 favorendo la costituzione di gruppi comunali, intercomunali e sovracomunali anche per lo svolgimento di attivit\u00e0 di presidio territoriale multi-rischio.<br>Relativamente alla convenzione con l\u2019UNCEM, considerato che il territorio regionale si sviluppa in larga parte su ambiti montani che richiedono l\u2019attuazione di specifici strumenti atti a garantire efficaci interventi di Protezione civile, la stessa Unione si \u00e8 impegnata a svolgere azioni di tutela del presidio abitativo nei territori montani, da considerarsi come un obiettivo ineludibile per la tutela delle persone, dei beni e dell&#8217;ambiente naturale.<br>La presenza di insediamenti abitativi in ambiti montani viene, inoltre, considerata nel documento come condizione indispensabile per lo sviluppo di esperienze locali di previsione e prevenzione dell&#8217;emergenza, con particolare riferimento alle tecniche di autoprotezione della popolazione, di sorveglianza e monitoraggio del territorio contro il rischio idrogeologico e degli incendi boschivi.<br>Viene altres\u00ec rilevato che numerose Unioni montane hanno gi\u00e0 da tempo iniziato a sviluppare propri servizi nel campo della protezione civile grazie alla predisposizione dei piani comunali o di ambito e sulla base degli indirizzi nazionali e regionali.<br>&#8220;Abbiamo creduto fin da subito in questo progetto messo in piedi grazie alla collaborazione con la Protezione civile regionale e in particolare con il direttore Casinghini che ringrazio per l&#8217;intuizione e la disponibilit\u00e0&#8221;, ha commentato il presidente Uncem Abruzzo, Lorenzo Berardinetti, &#8220;la sicurezza dei nostri territori e la prevenzione delle emergenze \u00e8 fondamentale e abbiamo avuto modo di constatarlo negli ultimi anni. Grazie a questa intesa i Comuni montani potranno sviluppare ulteriormente alcuni servizi essenziali portati avanti dai volontari impegnati nel campo della protezione civile spesso fondamentali ha soprattutto per le piccole comunit\u00e0&#8221;.<br>&#8220;Il protocollo firmato questa mattina \u00e8 particolarmente importante&#8221; ha commentato Gianguido D&#8217;Alberto presidente di Anci Abruzzo. &#8220;Grazie a questo si va a costruire un quadro complessivo di interventi e sinergie in tema di Protezione Civile che fino ad oggi \u00e8 mancato e che ci permetter\u00e0 di affrontare in modo organico e coordinato eventuali future emergenze&#8221;. &#8220;Oggi, con questo atto, \u00e8 stata infatti tracciata una linea per tutti i Comuni, che a prescindere dalle loro dimensioni sono stati in prima linea in modo straordinario, insieme ai sindaci, anche durante la pandemia&#8221;. &#8220;In quest&#8217;ottica il protocollo che abbiamo siglato oggi ci consente di strutturare ancor di pi\u00f9 il sistema di Protezione Civile, che non pu\u00f2 e non deve essere inteso come strumento da attivare nel momento dell&#8217;emergenza ma che al contrario deve rappresentare un assetto istituzionale permanente in grado di dare risposte alle esigenze dei cittadini&#8221;. &#8220;Un contesto in cui valorizzare oggi pi\u00f9 che mai il lavoro delle associazioni di volontariato, che con questo protocollo viene messo in rete in maniera ancor pi\u00f9 stringente con Comuni e Protezione Civile regionale in un&#8217;azione complessiva di prevenzione e gestione dei rischi&#8221;.<br>(Regflash) GIZZI\/PC\/220223<\/p>\n\n\n\n<p><a href=\"https:\/\/www.regione.abruzzo.it\/content\/protezione-civile-sottoscritti-due-protocolli-d%E2%80%99intesa-con-anci-e-uncem-attivit%C3%A0-di\">https:\/\/www.regione.abruzzo.it\/content\/protezione-civile-sottoscritti-due-protocolli-d%E2%80%99intesa-con-anci-e-uncem-attivit%C3%A0-di<\/a><\/p>\n ","protected":false},"excerpt":{"rendered":"<p> (Regflash) L\u2019Aquila, 23 feb &#8211; Due distinti protocolli d\u2019intesa tra Regione Abruzzo, ANCI Abruzzo e UNCEM Abruzzo, inerenti attivit\u00e0 di collaborazione in materia di Protezione civile, sono stati sottoscritti all\u2019Aquila [&hellip;] <\/p>\n","protected":false},"author":1,"featured_media":80820,"comment_status":"closed","ping_status":"closed","sticky":false,"template":"","format":"standard","meta":{"footnotes":"","_expiration-date-status":"","_expiration-date":0,"_expiration-date-type":"","_expiration-date-categories":[],"_expiration-date-options":[]},"categories":[400],"tags":[],"class_list":["post-80819","post","type-post","status-publish","format-standard","has-post-thumbnail","hentry","category-notizie"],"acf":[],"yoast_head":"<!-- This site is optimized with the Yoast SEO plugin v19.9 - https:\/\/yoast.com\/wordpress\/plugins\/seo\/ -->\n<title>Protezione Civile: sottoscritti due protocolli d\u2019intesa con ANCI e UNCEM per attivit\u00e0 di sicurezza e di tutela del territorio - [ APC Regione Abruzzo<\/title>\n<meta name=\"robots\" content=\"index, follow, max-snippet:-1, max-image-preview:large, max-video-preview:-1\" \/>\n<link rel=\"canonical\" href=\"https:\/\/protezionecivile.regione.abruzzo.it:443\/agenzia\/protezione-civile-sottoscritti-due-protocolli-dintesa-con-anci-e-uncem-per-attivita-di-sicurezza-e-di-tutela-del-territorio\/\" \/>\n<meta property=\"og:locale\" content=\"it_IT\" \/>\n<meta property=\"og:type\" content=\"article\" \/>\n<meta property=\"og:title\" content=\"Protezione Civile: sottoscritti due protocolli d\u2019intesa con ANCI e UNCEM per attivit\u00e0 di sicurezza e di tutela del territorio - [ APC Regione Abruzzo\" \/>\n<meta property=\"og:description\" content=\"(Regflash) L\u2019Aquila, 23 feb &#8211; Due distinti protocolli d\u2019intesa tra Regione Abruzzo, ANCI Abruzzo e UNCEM Abruzzo, inerenti attivit\u00e0 di collaborazione in materia di Protezione civile, sono stati sottoscritti all\u2019Aquila [&hellip;]\" \/>\n<meta property=\"og:url\" content=\"https:\/\/protezionecivile.regione.abruzzo.it:443\/agenzia\/protezione-civile-sottoscritti-due-protocolli-dintesa-con-anci-e-uncem-per-attivita-di-sicurezza-e-di-tutela-del-territorio\/\" \/>\n<meta property=\"og:site_name\" content=\"[ APC Regione Abruzzo\" \/>\n<meta property=\"article:published_time\" content=\"2022-02-23T08:23:00+00:00\" \/>\n<meta property=\"article:modified_time\" content=\"2022-10-21T07:25:22+00:00\" \/>\n<meta property=\"og:image\" content=\"https:\/\/protezionecivile.regione.abruzzo.it:443\/agenzia\/wp-content\/uploads\/2022\/10\/protocolli-intesa-apc-abruzzo.jpg\" \/>\n\t<meta property=\"og:image:width\" content=\"1460\" \/>\n\t<meta property=\"og:image:height\" content=\"990\" \/>\n\t<meta property=\"og:image:type\" content=\"image\/jpeg\" \/>\n<meta name=\"author\" content=\"Ferter1975\" \/>\n<meta name=\"twitter:card\" content=\"summary_large_image\" \/>\n<meta name=\"twitter:label1\" content=\"Scritto da\" \/>\n\t<meta name=\"twitter:data1\" content=\"Ferter1975\" \/>\n\t<meta name=\"twitter:label2\" content=\"Tempo di lettura stimato\" \/>\n\t<meta name=\"twitter:data2\" content=\"5 minuti\" \/>\n<script type=\"application\/ld+json\" class=\"yoast-schema-graph\">{\"@context\":\"https:\/\/schema.org\",\"@graph\":[{\"@type\":\"WebPage\",\"@id\":\"https:\/\/protezionecivile.regione.abruzzo.it:443\/agenzia\/protezione-civile-sottoscritti-due-protocolli-dintesa-con-anci-e-uncem-per-attivita-di-sicurezza-e-di-tutela-del-territorio\/\",\"url\":\"https:\/\/protezionecivile.regione.abruzzo.it:443\/agenzia\/protezione-civile-sottoscritti-due-protocolli-dintesa-con-anci-e-uncem-per-attivita-di-sicurezza-e-di-tutela-del-territorio\/\",\"name\":\"Protezione Civile: sottoscritti due protocolli d\u2019intesa con ANCI e UNCEM per attivit\u00e0 di sicurezza e di tutela del territorio - [ APC Regione Abruzzo\",\"isPartOf\":{\"@id\":\"https:\/\/protezionecivile.regione.abruzzo.it:443\/agenzia\/#website\"},\"datePublished\":\"2022-02-23T08:23:00+00:00\",\"dateModified\":\"2022-10-21T07:25:22+00:00\",\"author\":{\"@id\":\"https:\/\/protezionecivile.regione.abruzzo.it:443\/agenzia\/#\/schema\/person\/b0076730d23ae3abf7bb21227f1e490d\"},\"breadcrumb\":{\"@id\":\"https:\/\/protezionecivile.regione.abruzzo.it:443\/agenzia\/protezione-civile-sottoscritti-due-protocolli-dintesa-con-anci-e-uncem-per-attivita-di-sicurezza-e-di-tutela-del-territorio\/#breadcrumb\"},\"inLanguage\":\"it-IT\",\"potentialAction\":[{\"@type\":\"ReadAction\",\"target\":[\"https:\/\/protezionecivile.regione.abruzzo.it:443\/agenzia\/protezione-civile-sottoscritti-due-protocolli-dintesa-con-anci-e-uncem-per-attivita-di-sicurezza-e-di-tutela-del-territorio\/\"]}]},{\"@type\":\"BreadcrumbList\",\"@id\":\"https:\/\/protezionecivile.regione.abruzzo.it:443\/agenzia\/protezione-civile-sottoscritti-due-protocolli-dintesa-con-anci-e-uncem-per-attivita-di-sicurezza-e-di-tutela-del-territorio\/#breadcrumb\",\"itemListElement\":[{\"@type\":\"ListItem\",\"position\":1,\"name\":\"Home\",\"item\":\"https:\/\/protezionecivile.regione.abruzzo.it:443\/agenzia\/\"},{\"@type\":\"ListItem\",\"position\":2,\"name\":\"Protezione Civile: sottoscritti due protocolli d\u2019intesa con ANCI e UNCEM per attivit\u00e0 di sicurezza e di tutela del territorio\"}]},{\"@type\":\"WebSite\",\"@id\":\"https:\/\/protezionecivile.regione.abruzzo.it:443\/agenzia\/#website\",\"url\":\"https:\/\/protezionecivile.regione.abruzzo.it:443\/agenzia\/\",\"name\":\"[ APC Regione Abruzzo\",\"description\":\"[ Agenzia Protezione Civile Regione Abruzzo\",\"potentialAction\":[{\"@type\":\"SearchAction\",\"target\":{\"@type\":\"EntryPoint\",\"urlTemplate\":\"https:\/\/protezionecivile.regione.abruzzo.it:443\/agenzia\/?s={search_term_string}\"},\"query-input\":\"required name=search_term_string\"}],\"inLanguage\":\"it-IT\"},{\"@type\":\"Person\",\"@id\":\"https:\/\/protezionecivile.regione.abruzzo.it:443\/agenzia\/#\/schema\/person\/b0076730d23ae3abf7bb21227f1e490d\",\"name\":\"Ferter1975\",\"image\":{\"@type\":\"ImageObject\",\"inLanguage\":\"it-IT\",\"@id\":\"https:\/\/protezionecivile.regione.abruzzo.it:443\/agenzia\/#\/schema\/person\/image\/\",\"url\":\"https:\/\/secure.gravatar.com\/avatar\/53ff3d880f7e4e376c64ac961b6475a99601fe01c0607b0766cab8406f0e68f5?s=96&d=mm&r=g\",\"contentUrl\":\"https:\/\/secure.gravatar.com\/avatar\/53ff3d880f7e4e376c64ac961b6475a99601fe01c0607b0766cab8406f0e68f5?s=96&d=mm&r=g\",\"caption\":\"Ferter1975\"},\"sameAs\":[\"https:\/\/protezionecivile.regione.abruzzo.it:443\/agenzia\"]}]}<\/script>\n<!-- \/ Yoast SEO plugin. -->","yoast_head_json":{"title":"Protezione Civile: sottoscritti due protocolli d\u2019intesa con ANCI e UNCEM per attivit\u00e0 di sicurezza e di tutela del territorio - [ APC Regione Abruzzo","robots":{"index":"index","follow":"follow","max-snippet":"max-snippet:-1","max-image-preview":"max-image-preview:large","max-video-preview":"max-video-preview:-1"},"canonical":"https:\/\/protezionecivile.regione.abruzzo.it:443\/agenzia\/protezione-civile-sottoscritti-due-protocolli-dintesa-con-anci-e-uncem-per-attivita-di-sicurezza-e-di-tutela-del-territorio\/","og_locale":"it_IT","og_type":"article","og_title":"Protezione Civile: sottoscritti due protocolli d\u2019intesa con ANCI e UNCEM per attivit\u00e0 di sicurezza e di tutela del territorio - [ APC Regione Abruzzo","og_description":"(Regflash) L\u2019Aquila, 23 feb &#8211; Due distinti protocolli d\u2019intesa tra Regione Abruzzo, ANCI Abruzzo e UNCEM Abruzzo, inerenti attivit\u00e0 di collaborazione in materia di Protezione civile, sono stati sottoscritti all\u2019Aquila [&hellip;]","og_url":"https:\/\/protezionecivile.regione.abruzzo.it:443\/agenzia\/protezione-civile-sottoscritti-due-protocolli-dintesa-con-anci-e-uncem-per-attivita-di-sicurezza-e-di-tutela-del-territorio\/","og_site_name":"[ APC Regione Abruzzo","article_published_time":"2022-02-23T08:23:00+00:00","article_modified_time":"2022-10-21T07:25:22+00:00","og_image":[{"width":1460,"height":990,"url":"https:\/\/protezionecivile.regione.abruzzo.it:443\/agenzia\/wp-content\/uploads\/2022\/10\/protocolli-intesa-apc-abruzzo.jpg","type":"image\/jpeg"}],"author":"Ferter1975","twitter_card":"summary_large_image","twitter_misc":{"Scritto da":"Ferter1975","Tempo di lettura stimato":"5 minuti"},"schema":{"@context":"https:\/\/schema.org","@graph":[{"@type":"WebPage","@id":"https:\/\/protezionecivile.regione.abruzzo.it:443\/agenzia\/protezione-civile-sottoscritti-due-protocolli-dintesa-con-anci-e-uncem-per-attivita-di-sicurezza-e-di-tutela-del-territorio\/","url":"https:\/\/protezionecivile.regione.abruzzo.it:443\/agenzia\/protezione-civile-sottoscritti-due-protocolli-dintesa-con-anci-e-uncem-per-attivita-di-sicurezza-e-di-tutela-del-territorio\/","name":"Protezione Civile: sottoscritti due protocolli d\u2019intesa con ANCI e UNCEM per attivit\u00e0 di sicurezza e di tutela del territorio - [ APC Regione Abruzzo","isPartOf":{"@id":"https:\/\/protezionecivile.regione.abruzzo.it:443\/agenzia\/#website"},"datePublished":"2022-02-23T08:23:00+00:00","dateModified":"2022-10-21T07:25:22+00:00","author":{"@id":"https:\/\/protezionecivile.regione.abruzzo.it:443\/agenzia\/#\/schema\/person\/b0076730d23ae3abf7bb21227f1e490d"},"breadcrumb":{"@id":"https:\/\/protezionecivile.regione.abruzzo.it:443\/agenzia\/protezione-civile-sottoscritti-due-protocolli-dintesa-con-anci-e-uncem-per-attivita-di-sicurezza-e-di-tutela-del-territorio\/#breadcrumb"},"inLanguage":"it-IT","potentialAction":[{"@type":"ReadAction","target":["https:\/\/protezionecivile.regione.abruzzo.it:443\/agenzia\/protezione-civile-sottoscritti-due-protocolli-dintesa-con-anci-e-uncem-per-attivita-di-sicurezza-e-di-tutela-del-territorio\/"]}]},{"@type":"BreadcrumbList","@id":"https:\/\/protezionecivile.regione.abruzzo.it:443\/agenzia\/protezione-civile-sottoscritti-due-protocolli-dintesa-con-anci-e-uncem-per-attivita-di-sicurezza-e-di-tutela-del-territorio\/#breadcrumb","itemListElement":[{"@type":"ListItem","position":1,"name":"Home","item":"https:\/\/protezionecivile.regione.abruzzo.it:443\/agenzia\/"},{"@type":"ListItem","position":2,"name":"Protezione Civile: sottoscritti due protocolli d\u2019intesa con ANCI e UNCEM per attivit\u00e0 di sicurezza e di tutela del territorio"}]},{"@type":"WebSite","@id":"https:\/\/protezionecivile.regione.abruzzo.it:443\/agenzia\/#website","url":"https:\/\/protezionecivile.regione.abruzzo.it:443\/agenzia\/","name":"[ APC Regione Abruzzo","description":"[ Agenzia Protezione Civile Regione Abruzzo","potentialAction":[{"@type":"SearchAction","target":{"@type":"EntryPoint","urlTemplate":"https:\/\/protezionecivile.regione.abruzzo.it:443\/agenzia\/?s={search_term_string}"},"query-input":"required name=search_term_string"}],"inLanguage":"it-IT"},{"@type":"Person","@id":"https:\/\/protezionecivile.regione.abruzzo.it:443\/agenzia\/#\/schema\/person\/b0076730d23ae3abf7bb21227f1e490d","name":"Ferter1975","image":{"@type":"ImageObject","inLanguage":"it-IT","@id":"https:\/\/protezionecivile.regione.abruzzo.it:443\/agenzia\/#\/schema\/person\/image\/","url":"https:\/\/secure.gravatar.com\/avatar\/53ff3d880f7e4e376c64ac961b6475a99601fe01c0607b0766cab8406f0e68f5?s=96&d=mm&r=g","contentUrl":"https:\/\/secure.gravatar.com\/avatar\/53ff3d880f7e4e376c64ac961b6475a99601fe01c0607b0766cab8406f0e68f5?s=96&d=mm&r=g","caption":"Ferter1975"},"sameAs":["https:\/\/protezionecivile.regione.abruzzo.it:443\/agenzia"]}]}},"_links":{"self":[{"href":"https:\/\/protezionecivile.regione.abruzzo.it:443\/agenzia\/wp-json\/wp\/v2\/posts\/80819","targetHints":{"allow":["GET"]}}],"collection":[{"href":"https:\/\/protezionecivile.regione.abruzzo.it:443\/agenzia\/wp-json\/wp\/v2\/posts"}],"about":[{"href":"https:\/\/protezionecivile.regione.abruzzo.it:443\/agenzia\/wp-json\/wp\/v2\/types\/post"}],"author":[{"embeddable":true,"href":"https:\/\/protezionecivile.regione.abruzzo.it:443\/agenzia\/wp-json\/wp\/v2\/users\/1"}],"replies":[{"embeddable":true,"href":"https:\/\/protezionecivile.regione.abruzzo.it:443\/agenzia\/wp-json\/wp\/v2\/comments?post=80819"}],"version-history":[{"count":0,"href":"https:\/\/protezionecivile.regione.abruzzo.it:443\/agenzia\/wp-json\/wp\/v2\/posts\/80819\/revisions"}],"wp:featuredmedia":[{"embeddable":true,"href":"https:\/\/protezionecivile.regione.abruzzo.it:443\/agenzia\/wp-json\/wp\/v2\/media\/80820"}],"wp:attachment":[{"href":"https:\/\/protezionecivile.regione.abruzzo.it:443\/agenzia\/wp-json\/wp\/v2\/media?parent=80819"}],"wp:term":[{"taxonomy":"category","embeddable":true,"href":"https:\/\/protezionecivile.regione.abruzzo.it:443\/agenzia\/wp-json\/wp\/v2\/categories?post=80819"},{"taxonomy":"post_tag","embeddable":true,"href":"https:\/\/protezionecivile.regione.abruzzo.it:443\/agenzia\/wp-json\/wp\/v2\/tags?post=80819"}],"curies":[{"name":"wp","href":"https:\/\/api.w.org\/{rel}","templated":true}]}}