{"id":80832,"date":"2022-01-21T09:35:00","date_gmt":"2022-01-21T08:35:00","guid":{"rendered":"https:\/\/protezionecivile.regione.abruzzo.it:443\/agenzia\/?p=80832"},"modified":"2022-10-21T09:37:43","modified_gmt":"2022-10-21T07:37:43","slug":"protezione-civile-siglato-accordo-di-collaborazione-tra-agenzia-regionale-e-direzione-marittima-di-pescara","status":"publish","type":"post","link":"https:\/\/protezionecivile.regione.abruzzo.it:443\/agenzia\/protezione-civile-siglato-accordo-di-collaborazione-tra-agenzia-regionale-e-direzione-marittima-di-pescara\/","title":{"rendered":"Protezione civile: Siglato accordo di collaborazione tra Agenzia regionale e Direzione marittima di Pescara"},"content":{"rendered":" \n<p>(REGFLASH) Pescara, 21 gen. \u2013 La valorizzazione dei rapporti di collaborazione tra la Protezione Civile regionale e la Direzione Marittima di Pescara, finalizzata a rafforzare e rendere sempre pi\u00f9 efficiente il sistema di protezione civile abruzzese, con particolare riferimento all\u2019ambiente marino e costiero e agli eventuali rischi di protezione civile. E\u2019 quanto si propone di raggiungere il protocollo d\u2019intesa siglato, questa mattina, a Pescara, nella sede della Regione di piazza Unione, alla presenza del presidente della Giunta regionale, Marco Marsilio, tra l\u2019Agenzia regionale di Protezione civile e il Corpo delle Capitanerie di Porto \u2013 Guardia Costiera \u2013 Direzione Marittima di Pescara. Nello specifico, il documento \u00e8 stato siglato dal Direttore dell\u2019Agenzia di Protezione Civile, Mauro Casinghini, e dal Direttore Marittimo, Capitano di Vascello (CP), Salvatore Minervino.<\/p>\n\n\n\n<p>Sia l\u2019Agenzia regionale che la Direzione Marittima di Pescara attribuiscono grande interesse al raggiungimento di tale obiettivo, in relazione al ruolo ed alla presenza qualificata, sul territorio regionale, delle forze preposte ad interventi di previsione e prevenzione dei rischi, di soccorso e di contrasto attivo alle pubbliche calamit\u00e0.<\/p>\n\n\n\n<p>\u201cSi tratta di un ulteriore passo nel cammino verso la progressiva crescita operativa e strategica della Protezione civile regionale \u2013 ha commentato Marsilio -. Segno che l\u2019istituzione dell\u2019Agenzia comincia dare i suoi frutti grazie ad una struttura pi\u00f9 agile e con maggiori capacit\u00e0 operative. Ad esempio, fino a poco tempo fa, \u2013 ha aggiunto il Presidente \u2013 in questa regione non esisteva alcun rapporto operativo con il soccorso alpino. Un vuoto grave che siamo riusciti a colmare scongiurando il rischio di girare a vuoto in caso di calamit\u00e0, di disperdere preziose energie e di non essere in grado di trasferire con rapidit\u00e0 flussi di informazioni. Oggi, tra le altre cose, \u2013 ha sottolineato Marsilio \u2013 sono finalmente definite con chiarezza le catene di comando in cui inserire le procedure di intervento che vengono messe in atto e che sono oggetto anche di questo protocollo. Ringrazio, per il potenziamento di questo accordo, sia&nbsp; il direttore dell\u2019Agenzia di Protezione Civile regionale, Mauro Casinghini, che il comandante Minervino e devo dare atto al Consiglio, attraverso la persona del presidente Lorenzo Sospiri, di aver fornito un decisivo supporto politico ed amministrativo che ci ha consentito di varare la legge di riforma che ha portato alla creazione dell\u2019Agenzia di protezione civile regionale\u201d.<\/p>\n\n\n\n<p>Nel documento \u00e8 contenuto lo schema di programma operativo annuale, con l\u2019indicazione delle modalit\u00e0 di attuazione degli interventi, sintetizzati nei seguenti punti:<\/p>\n\n\n\n<p>a) concorso, anche attraverso l\u2019impiego delle componenti specialistiche del Corpo (aerea, navale, subacquea) nelle attivit\u00e0 di previsione e prevenzione dei rischi, nelle attivit\u00e0 di soccorso in caso di calamit\u00e0 o nell\u2019imminenza delle stesse, nelle attivit\u00e0 di formazione degli operatori di protezione civile e di informazione alla popolazione in materia di rischi e delle relative misure di sicurezza, con particolare riferimento all\u2019ambiente marino e costiero;<\/p>\n\n\n\n<p>b) formazione del personale del Corpo delle Capitanerie di porto \u2013 Guardia Costiera nell\u2019ambito delle tematiche di Protezione civile;<\/p>\n\n\n\n<p>c) definizione congiunta delle modalit\u00e0 di partecipazione delle Sale Operative, del personale e dei mezzi della Direzione Marittima, allo svolgimento di esercitazioni promosse dall\u2019Agenzia regionale di Protezione Civile della Regione Abruzzo, dirette a simulare situazioni di emergenza, con la presenza contestuale anche di altre strutture operative istituzionali e del volontariato;<\/p>\n\n\n\n<p>d) reciproco supporto logistico per eventuali esigenze inerenti attivit\u00e0 di Protezione civile, in particolare legate alla prevenzione e alla gestione delle situazioni di emergenza. Viene contemplata anche la disponibilit\u00e0 di spazi eventualmente disponibili per l\u2019immagazzinamento di beni e materiali utili alla gestione dell\u2019emergenza;<\/p>\n\n\n\n<p>e) concessione in comodato d\u2019uso gratuito alla Direzione Marittima di Pescara, di strutture, attrezzature e mezzi da impiegare sul territorio regionale per il potenziamento delle capacit\u00e0 operative del sistema di protezione civile;<\/p>\n\n\n\n<p>f) condivisione delle informazioni in possesso delle parti, con esclusivo riferimento alle tipologie di rischio di interesse reciproco, tramite gli strumenti informatici in uso;<\/p>\n\n\n\n<p>g) definizione delle procedure di comunicazione tra la Sala Operativa di Protezione Civile Regionale e le Sale Operative della Direzione Marittima, per assicurare migliori collegamenti in situazioni di crisi;<\/p>\n\n\n\n<p>h) definizione di procedure operative per migliorare e rendere sempre pi\u00f9 efficaci le modalit\u00e0 di informazione, attivazione e coordinamento degli interventi delle parti, in previsione od in occasione di crisi ed emergenza, ai fini di protezione civile.<\/p>\n\n\n\n<p>E\u2019 prevista anche la costituzione di un comitato tecnico composto dal Direttore Marittimo e dal Direttore dell\u2019Agenzia regionale di Protezione Civile, incaricato di provvedere alle attivit\u00e0 istruttorie finalizzate all\u2019elaborazione e alla definizione del programma operativo annuale.<\/p>\n\n\n\n<p>Il Comitato provvede anche alla verifica dell\u2019attivit\u00e0 svolta e redige uno specifico documento di valutazione congiunta del livello di perseguimento degli obiettivi annuali, formulando proposte di modifiche e miglioramenti in merito alle procedure ed alle modalit\u00e0 attuative del programma, nonch\u00e9 degli aspetti organizzativi, gestionali e finanziari. Alla firma del protocollo erano presenti anche il presidente del Consiglio regionale, Lorenzo Sospiri, il consigliere regionale, Guerino Testa.(REGFLASH) DURA\/220121<\/p>\n\n\n\n<p><a href=\"https:\/\/www.regione.abruzzo.it\/content\/protezione-civile-siglato-accordo-di-collaborazione-tra-agenzia-regionale-e-direzione\">https:\/\/www.regione.abruzzo.it\/content\/protezione-civile-siglato-accordo-di-collaborazione-tra-agenzia-regionale-e-direzione<\/a><\/p>\n ","protected":false},"excerpt":{"rendered":"<p> (REGFLASH) Pescara, 21 gen. \u2013 La valorizzazione dei rapporti di collaborazione tra la Protezione Civile regionale e la Direzione Marittima di Pescara, finalizzata a rafforzare e rendere sempre pi\u00f9 efficiente [&hellip;] <\/p>\n","protected":false},"author":1,"featured_media":80833,"comment_status":"closed","ping_status":"closed","sticky":false,"template":"","format":"standard","meta":{"footnotes":"","_expiration-date-status":"","_expiration-date":0,"_expiration-date-type":"","_expiration-date-categories":[],"_expiration-date-options":[]},"categories":[400],"tags":[],"class_list":["post-80832","post","type-post","status-publish","format-standard","has-post-thumbnail","hentry","category-notizie"],"acf":[],"yoast_head":"<!-- This site is optimized with the Yoast SEO plugin v19.9 - https:\/\/yoast.com\/wordpress\/plugins\/seo\/ -->\n<title>Protezione civile: Siglato accordo di collaborazione tra Agenzia regionale e Direzione marittima di Pescara - [ APC Regione Abruzzo<\/title>\n<meta name=\"robots\" content=\"index, follow, max-snippet:-1, max-image-preview:large, max-video-preview:-1\" \/>\n<link rel=\"canonical\" href=\"https:\/\/protezionecivile.regione.abruzzo.it:443\/agenzia\/protezione-civile-siglato-accordo-di-collaborazione-tra-agenzia-regionale-e-direzione-marittima-di-pescara\/\" \/>\n<meta property=\"og:locale\" content=\"it_IT\" \/>\n<meta property=\"og:type\" content=\"article\" \/>\n<meta property=\"og:title\" content=\"Protezione civile: Siglato accordo di collaborazione tra Agenzia regionale e Direzione marittima di Pescara - [ APC Regione Abruzzo\" \/>\n<meta property=\"og:description\" content=\"(REGFLASH) Pescara, 21 gen. \u2013 La valorizzazione dei rapporti di collaborazione tra la Protezione Civile regionale e la Direzione Marittima di Pescara, finalizzata a rafforzare e rendere sempre pi\u00f9 efficiente [&hellip;]\" \/>\n<meta property=\"og:url\" content=\"https:\/\/protezionecivile.regione.abruzzo.it:443\/agenzia\/protezione-civile-siglato-accordo-di-collaborazione-tra-agenzia-regionale-e-direzione-marittima-di-pescara\/\" \/>\n<meta property=\"og:site_name\" content=\"[ APC Regione Abruzzo\" \/>\n<meta property=\"article:published_time\" content=\"2022-01-21T08:35:00+00:00\" \/>\n<meta property=\"article:modified_time\" content=\"2022-10-21T07:37:43+00:00\" \/>\n<meta property=\"og:image\" content=\"https:\/\/protezionecivile.regione.abruzzo.it:443\/agenzia\/wp-content\/uploads\/2022\/10\/marsilio-prot-civ-marina-accordo.jpeg\" \/>\n\t<meta property=\"og:image:width\" content=\"1460\" \/>\n\t<meta property=\"og:image:height\" content=\"990\" \/>\n\t<meta property=\"og:image:type\" content=\"image\/jpeg\" \/>\n<meta name=\"author\" content=\"Ferter1975\" \/>\n<meta name=\"twitter:card\" content=\"summary_large_image\" \/>\n<meta name=\"twitter:label1\" content=\"Scritto da\" \/>\n\t<meta name=\"twitter:data1\" content=\"Ferter1975\" \/>\n\t<meta name=\"twitter:label2\" content=\"Tempo di lettura stimato\" \/>\n\t<meta name=\"twitter:data2\" content=\"5 minuti\" \/>\n<script type=\"application\/ld+json\" class=\"yoast-schema-graph\">{\"@context\":\"https:\/\/schema.org\",\"@graph\":[{\"@type\":\"WebPage\",\"@id\":\"https:\/\/protezionecivile.regione.abruzzo.it:443\/agenzia\/protezione-civile-siglato-accordo-di-collaborazione-tra-agenzia-regionale-e-direzione-marittima-di-pescara\/\",\"url\":\"https:\/\/protezionecivile.regione.abruzzo.it:443\/agenzia\/protezione-civile-siglato-accordo-di-collaborazione-tra-agenzia-regionale-e-direzione-marittima-di-pescara\/\",\"name\":\"Protezione civile: Siglato accordo di collaborazione tra Agenzia regionale e Direzione marittima di Pescara - [ APC Regione Abruzzo\",\"isPartOf\":{\"@id\":\"https:\/\/protezionecivile.regione.abruzzo.it:443\/agenzia\/#website\"},\"datePublished\":\"2022-01-21T08:35:00+00:00\",\"dateModified\":\"2022-10-21T07:37:43+00:00\",\"author\":{\"@id\":\"https:\/\/protezionecivile.regione.abruzzo.it:443\/agenzia\/#\/schema\/person\/b0076730d23ae3abf7bb21227f1e490d\"},\"breadcrumb\":{\"@id\":\"https:\/\/protezionecivile.regione.abruzzo.it:443\/agenzia\/protezione-civile-siglato-accordo-di-collaborazione-tra-agenzia-regionale-e-direzione-marittima-di-pescara\/#breadcrumb\"},\"inLanguage\":\"it-IT\",\"potentialAction\":[{\"@type\":\"ReadAction\",\"target\":[\"https:\/\/protezionecivile.regione.abruzzo.it:443\/agenzia\/protezione-civile-siglato-accordo-di-collaborazione-tra-agenzia-regionale-e-direzione-marittima-di-pescara\/\"]}]},{\"@type\":\"BreadcrumbList\",\"@id\":\"https:\/\/protezionecivile.regione.abruzzo.it:443\/agenzia\/protezione-civile-siglato-accordo-di-collaborazione-tra-agenzia-regionale-e-direzione-marittima-di-pescara\/#breadcrumb\",\"itemListElement\":[{\"@type\":\"ListItem\",\"position\":1,\"name\":\"Home\",\"item\":\"https:\/\/protezionecivile.regione.abruzzo.it:443\/agenzia\/\"},{\"@type\":\"ListItem\",\"position\":2,\"name\":\"Protezione civile: Siglato accordo di collaborazione tra Agenzia regionale e Direzione marittima di Pescara\"}]},{\"@type\":\"WebSite\",\"@id\":\"https:\/\/protezionecivile.regione.abruzzo.it:443\/agenzia\/#website\",\"url\":\"https:\/\/protezionecivile.regione.abruzzo.it:443\/agenzia\/\",\"name\":\"[ APC Regione Abruzzo\",\"description\":\"[ Agenzia Protezione Civile Regione Abruzzo\",\"potentialAction\":[{\"@type\":\"SearchAction\",\"target\":{\"@type\":\"EntryPoint\",\"urlTemplate\":\"https:\/\/protezionecivile.regione.abruzzo.it:443\/agenzia\/?s={search_term_string}\"},\"query-input\":\"required name=search_term_string\"}],\"inLanguage\":\"it-IT\"},{\"@type\":\"Person\",\"@id\":\"https:\/\/protezionecivile.regione.abruzzo.it:443\/agenzia\/#\/schema\/person\/b0076730d23ae3abf7bb21227f1e490d\",\"name\":\"Ferter1975\",\"image\":{\"@type\":\"ImageObject\",\"inLanguage\":\"it-IT\",\"@id\":\"https:\/\/protezionecivile.regione.abruzzo.it:443\/agenzia\/#\/schema\/person\/image\/\",\"url\":\"https:\/\/secure.gravatar.com\/avatar\/53ff3d880f7e4e376c64ac961b6475a99601fe01c0607b0766cab8406f0e68f5?s=96&d=mm&r=g\",\"contentUrl\":\"https:\/\/secure.gravatar.com\/avatar\/53ff3d880f7e4e376c64ac961b6475a99601fe01c0607b0766cab8406f0e68f5?s=96&d=mm&r=g\",\"caption\":\"Ferter1975\"},\"sameAs\":[\"https:\/\/protezionecivile.regione.abruzzo.it:443\/agenzia\"]}]}<\/script>\n<!-- \/ Yoast SEO plugin. -->","yoast_head_json":{"title":"Protezione civile: Siglato accordo di collaborazione tra Agenzia regionale e Direzione marittima di Pescara - [ APC Regione Abruzzo","robots":{"index":"index","follow":"follow","max-snippet":"max-snippet:-1","max-image-preview":"max-image-preview:large","max-video-preview":"max-video-preview:-1"},"canonical":"https:\/\/protezionecivile.regione.abruzzo.it:443\/agenzia\/protezione-civile-siglato-accordo-di-collaborazione-tra-agenzia-regionale-e-direzione-marittima-di-pescara\/","og_locale":"it_IT","og_type":"article","og_title":"Protezione civile: Siglato accordo di collaborazione tra Agenzia regionale e Direzione marittima di Pescara - [ APC Regione Abruzzo","og_description":"(REGFLASH) Pescara, 21 gen. \u2013 La valorizzazione dei rapporti di collaborazione tra la Protezione Civile regionale e la Direzione Marittima di Pescara, finalizzata a rafforzare e rendere sempre pi\u00f9 efficiente [&hellip;]","og_url":"https:\/\/protezionecivile.regione.abruzzo.it:443\/agenzia\/protezione-civile-siglato-accordo-di-collaborazione-tra-agenzia-regionale-e-direzione-marittima-di-pescara\/","og_site_name":"[ APC Regione Abruzzo","article_published_time":"2022-01-21T08:35:00+00:00","article_modified_time":"2022-10-21T07:37:43+00:00","og_image":[{"width":1460,"height":990,"url":"https:\/\/protezionecivile.regione.abruzzo.it:443\/agenzia\/wp-content\/uploads\/2022\/10\/marsilio-prot-civ-marina-accordo.jpeg","type":"image\/jpeg"}],"author":"Ferter1975","twitter_card":"summary_large_image","twitter_misc":{"Scritto da":"Ferter1975","Tempo di lettura stimato":"5 minuti"},"schema":{"@context":"https:\/\/schema.org","@graph":[{"@type":"WebPage","@id":"https:\/\/protezionecivile.regione.abruzzo.it:443\/agenzia\/protezione-civile-siglato-accordo-di-collaborazione-tra-agenzia-regionale-e-direzione-marittima-di-pescara\/","url":"https:\/\/protezionecivile.regione.abruzzo.it:443\/agenzia\/protezione-civile-siglato-accordo-di-collaborazione-tra-agenzia-regionale-e-direzione-marittima-di-pescara\/","name":"Protezione civile: Siglato accordo di collaborazione tra Agenzia regionale e Direzione marittima di Pescara - [ APC Regione Abruzzo","isPartOf":{"@id":"https:\/\/protezionecivile.regione.abruzzo.it:443\/agenzia\/#website"},"datePublished":"2022-01-21T08:35:00+00:00","dateModified":"2022-10-21T07:37:43+00:00","author":{"@id":"https:\/\/protezionecivile.regione.abruzzo.it:443\/agenzia\/#\/schema\/person\/b0076730d23ae3abf7bb21227f1e490d"},"breadcrumb":{"@id":"https:\/\/protezionecivile.regione.abruzzo.it:443\/agenzia\/protezione-civile-siglato-accordo-di-collaborazione-tra-agenzia-regionale-e-direzione-marittima-di-pescara\/#breadcrumb"},"inLanguage":"it-IT","potentialAction":[{"@type":"ReadAction","target":["https:\/\/protezionecivile.regione.abruzzo.it:443\/agenzia\/protezione-civile-siglato-accordo-di-collaborazione-tra-agenzia-regionale-e-direzione-marittima-di-pescara\/"]}]},{"@type":"BreadcrumbList","@id":"https:\/\/protezionecivile.regione.abruzzo.it:443\/agenzia\/protezione-civile-siglato-accordo-di-collaborazione-tra-agenzia-regionale-e-direzione-marittima-di-pescara\/#breadcrumb","itemListElement":[{"@type":"ListItem","position":1,"name":"Home","item":"https:\/\/protezionecivile.regione.abruzzo.it:443\/agenzia\/"},{"@type":"ListItem","position":2,"name":"Protezione civile: Siglato accordo di collaborazione tra Agenzia regionale e Direzione marittima di Pescara"}]},{"@type":"WebSite","@id":"https:\/\/protezionecivile.regione.abruzzo.it:443\/agenzia\/#website","url":"https:\/\/protezionecivile.regione.abruzzo.it:443\/agenzia\/","name":"[ APC Regione Abruzzo","description":"[ Agenzia Protezione Civile Regione Abruzzo","potentialAction":[{"@type":"SearchAction","target":{"@type":"EntryPoint","urlTemplate":"https:\/\/protezionecivile.regione.abruzzo.it:443\/agenzia\/?s={search_term_string}"},"query-input":"required name=search_term_string"}],"inLanguage":"it-IT"},{"@type":"Person","@id":"https:\/\/protezionecivile.regione.abruzzo.it:443\/agenzia\/#\/schema\/person\/b0076730d23ae3abf7bb21227f1e490d","name":"Ferter1975","image":{"@type":"ImageObject","inLanguage":"it-IT","@id":"https:\/\/protezionecivile.regione.abruzzo.it:443\/agenzia\/#\/schema\/person\/image\/","url":"https:\/\/secure.gravatar.com\/avatar\/53ff3d880f7e4e376c64ac961b6475a99601fe01c0607b0766cab8406f0e68f5?s=96&d=mm&r=g","contentUrl":"https:\/\/secure.gravatar.com\/avatar\/53ff3d880f7e4e376c64ac961b6475a99601fe01c0607b0766cab8406f0e68f5?s=96&d=mm&r=g","caption":"Ferter1975"},"sameAs":["https:\/\/protezionecivile.regione.abruzzo.it:443\/agenzia"]}]}},"_links":{"self":[{"href":"https:\/\/protezionecivile.regione.abruzzo.it:443\/agenzia\/wp-json\/wp\/v2\/posts\/80832","targetHints":{"allow":["GET"]}}],"collection":[{"href":"https:\/\/protezionecivile.regione.abruzzo.it:443\/agenzia\/wp-json\/wp\/v2\/posts"}],"about":[{"href":"https:\/\/protezionecivile.regione.abruzzo.it:443\/agenzia\/wp-json\/wp\/v2\/types\/post"}],"author":[{"embeddable":true,"href":"https:\/\/protezionecivile.regione.abruzzo.it:443\/agenzia\/wp-json\/wp\/v2\/users\/1"}],"replies":[{"embeddable":true,"href":"https:\/\/protezionecivile.regione.abruzzo.it:443\/agenzia\/wp-json\/wp\/v2\/comments?post=80832"}],"version-history":[{"count":0,"href":"https:\/\/protezionecivile.regione.abruzzo.it:443\/agenzia\/wp-json\/wp\/v2\/posts\/80832\/revisions"}],"wp:featuredmedia":[{"embeddable":true,"href":"https:\/\/protezionecivile.regione.abruzzo.it:443\/agenzia\/wp-json\/wp\/v2\/media\/80833"}],"wp:attachment":[{"href":"https:\/\/protezionecivile.regione.abruzzo.it:443\/agenzia\/wp-json\/wp\/v2\/media?parent=80832"}],"wp:term":[{"taxonomy":"category","embeddable":true,"href":"https:\/\/protezionecivile.regione.abruzzo.it:443\/agenzia\/wp-json\/wp\/v2\/categories?post=80832"},{"taxonomy":"post_tag","embeddable":true,"href":"https:\/\/protezionecivile.regione.abruzzo.it:443\/agenzia\/wp-json\/wp\/v2\/tags?post=80832"}],"curies":[{"name":"wp","href":"https:\/\/api.w.org\/{rel}","templated":true}]}}