{"id":80842,"date":"2022-03-25T09:44:00","date_gmt":"2022-03-25T08:44:00","guid":{"rendered":"https:\/\/protezionecivile.regione.abruzzo.it:443\/agenzia\/?p=80842"},"modified":"2022-10-21T09:46:07","modified_gmt":"2022-10-21T07:46:07","slug":"emergenza-ucraina-marsilio-abruzzo-in-prima-linea-in-una-missione-sanitaria-internazionale-in-polonia","status":"publish","type":"post","link":"https:\/\/protezionecivile.regione.abruzzo.it:443\/agenzia\/emergenza-ucraina-marsilio-abruzzo-in-prima-linea-in-una-missione-sanitaria-internazionale-in-polonia\/","title":{"rendered":"Emergenza Ucraina: Marsilio, Abruzzo in prima linea in una missione sanitaria internazionale in Polonia"},"content":{"rendered":" \n<p>(REGFLASH) Pescara, 25 mar. La Regione Abruzzo \u00e8 tra le otto regioni italiane che, attraverso la CROSS, la Centrale Remota per le Operazioni di Soccorso Sanitario, attivata dal Dipartimento nazionale di Protezione civile, parteciperanno ad una missione internazionale&nbsp; sanitario-umanitaria di sette giorni in una localit\u00e0 polacca al confine con l&#8217;Ucraina. L&#8217;obiettivo \u00e8 quello di favorire il trasferimento in ospedali italiani di cittadini ucraini bisognosi di cure e terapie immediate.<\/p>\n\n\n\n<p>A farne parte saranno due medici del pronto&nbsp; soccorso di Pescara, la dottoressa Amalia Contini (team leader) ed il dottor&nbsp; Andrea Di Blasio, del medico anestesista Mariangela Battilana&nbsp; e del logista Vincenzo Leo Celeste&nbsp; della Protezione Civile della Regione Abruzzo.<\/p>\n\n\n\n<p>La CROSS, nell\u2019ambito del Meccanismo Europeo di Protezione Civile e in risposta alla specifica richiesta della Direzione Generale per la Salute e la Sicurezza Alimentare della Commissione europea (DG SANTE), intanto, in raccordo con i referenti sanitari regionali, ha provveduto ad una ricognizione dei posti letto disponibili nelle regioni e province Autonome e all\u2019organizzazione del trasferimento dei pazienti tramite MEDEVAC \u2013 Medical Evacuation.<\/p>\n\n\n\n<p>Questo pomeriggio, a Pescara, in Regione, la conferenza stampa di presentazione dell&#8217;iniziativa da parte del presidente della Giunta regionale, Marco Marsilio, dell&#8217;assessore alla Salute, Nicoletta Ver\u00ec, del referente regionale per le maxi-emergenze, Alberto Albani, e del direttore dell&#8217;Agenzia regionale di Protezione civile, Mauro Casinghini.<\/p>\n\n\n\n<p>&#8220;Essere tra le otto regioni italiane che si stanno organizzando per partecipare a questa missione internazionale di scouting di pazienti da curare in Italia &#8211; ha affermato il presidente Marsilio &#8211; oltre a rappresentare un motivo d&#8217;orgoglio per l&#8217;Abruzzo, \u00e8 anche una testimonianza del fatto che sia il sistema sanitario regionale che quello di protezione civile, dopo i due anni di pandemia, sono in grado di fronteggiare anche altre emergenze come quella legata all&#8217;accoglienza dei profughi ucraini, circa tremila quelli ospitati finora in regione, e dell&#8217;assistenza sanitaria nei confronti di persone, soprattutto bambini in questa prima fase, affette da patologie onco-ematologiche. Le cure non sono rivolte a pazienti militari vittime di guerra ma solo a civili gravemente malati. Un ringraziamento particolare &#8211; ha concluso il Presidente &#8211; va al dottor Albani che, nonostante sia prossimo al pensionamento, anche in questa occasione sta fornendo un apporto determinante in termini di competenza e di dedizione al lavoro&#8221;.<\/p>\n\n\n\n<p>&#8220;In questi due anni caratterizzati dalla diffusione della pandemia &#8211; ha detto l&#8217;assessore Ver\u00ec &#8211; siamo riusciti a fornire tante risposte alla vasta platea di pazienti con cui il sistema sanitario regionale \u00e8 venuto in contatto. Anche in questa occasione, ci stiamo facendo trovare pronti dando anche prova di capacit\u00e0 di assecondare al meglio il processo di rimodulazione e riorganizzazione dei posti letto disponibili nella rete ospedaliera regionale. Non&nbsp; abbiamo&nbsp; certo trascurato i rischi legati al propagarsi del contagio tra le persone di nazionalit\u00e0 ucraina che sono arrivate in Abruzzo. Ne abbiamo, infatti, vaccinate circa trecento finora riuscendo a rilevare ogni giorno anche 4-5 positivit\u00e0 al Covid-19&#8221;.<\/p>\n\n\n\n<p>Intanto, gi\u00e0 nella giornata di domani arriveranno dalla Polonia i primi due bimbi ucraini che occuperanno due dei quattro posti letto messi a disposizione all&#8217;interno del reparto di onco-ematologia dell&#8217;ospedale di Pescara. (REGFLASH) DURA210325<\/p>\n\n\n\n<p><a href=\"https:\/\/www.regione.abruzzo.it\/content\/emergenza-ucraina-marsilio-abruzzo-prima-linea-una-missione-sanitaria-internazionale-polonia\">https:\/\/www.regione.abruzzo.it\/content\/emergenza-ucraina-marsilio-abruzzo-prima-linea-una-missione-sanitaria-internazionale-polonia<\/a><\/p>\n ","protected":false},"excerpt":{"rendered":"<p> (REGFLASH) Pescara, 25 mar. La Regione Abruzzo \u00e8 tra le otto regioni italiane che, attraverso la CROSS, la Centrale Remota per le Operazioni di Soccorso Sanitario, attivata dal Dipartimento nazionale [&hellip;] <\/p>\n","protected":false},"author":1,"featured_media":80843,"comment_status":"closed","ping_status":"closed","sticky":false,"template":"","format":"standard","meta":{"footnotes":"","_expiration-date-status":"","_expiration-date":0,"_expiration-date-type":"","_expiration-date-categories":[],"_expiration-date-options":[]},"categories":[400],"tags":[],"class_list":["post-80842","post","type-post","status-publish","format-standard","has-post-thumbnail","hentry","category-notizie"],"acf":[],"yoast_head":"<!-- This site is optimized with the Yoast SEO plugin v19.9 - https:\/\/yoast.com\/wordpress\/plugins\/seo\/ -->\n<title>Emergenza Ucraina: Marsilio, Abruzzo in prima linea in una missione sanitaria internazionale in Polonia - [ APC Regione Abruzzo<\/title>\n<meta name=\"robots\" content=\"index, follow, max-snippet:-1, max-image-preview:large, max-video-preview:-1\" \/>\n<link rel=\"canonical\" href=\"https:\/\/protezionecivile.regione.abruzzo.it:443\/agenzia\/emergenza-ucraina-marsilio-abruzzo-in-prima-linea-in-una-missione-sanitaria-internazionale-in-polonia\/\" \/>\n<meta property=\"og:locale\" content=\"it_IT\" \/>\n<meta property=\"og:type\" content=\"article\" \/>\n<meta property=\"og:title\" content=\"Emergenza Ucraina: Marsilio, Abruzzo in prima linea in una missione sanitaria internazionale in Polonia - [ APC Regione Abruzzo\" \/>\n<meta property=\"og:description\" content=\"(REGFLASH) Pescara, 25 mar. La Regione Abruzzo \u00e8 tra le otto regioni italiane che, attraverso la CROSS, la Centrale Remota per le Operazioni di Soccorso Sanitario, attivata dal Dipartimento nazionale [&hellip;]\" \/>\n<meta property=\"og:url\" content=\"https:\/\/protezionecivile.regione.abruzzo.it:443\/agenzia\/emergenza-ucraina-marsilio-abruzzo-in-prima-linea-in-una-missione-sanitaria-internazionale-in-polonia\/\" \/>\n<meta property=\"og:site_name\" content=\"[ APC Regione Abruzzo\" \/>\n<meta property=\"article:published_time\" content=\"2022-03-25T08:44:00+00:00\" \/>\n<meta property=\"article:modified_time\" content=\"2022-10-21T07:46:07+00:00\" \/>\n<meta property=\"og:image\" content=\"https:\/\/protezionecivile.regione.abruzzo.it:443\/agenzia\/wp-content\/uploads\/2022\/10\/lacross.jpg\" \/>\n\t<meta property=\"og:image:width\" content=\"1460\" \/>\n\t<meta property=\"og:image:height\" content=\"990\" \/>\n\t<meta property=\"og:image:type\" content=\"image\/jpeg\" \/>\n<meta name=\"author\" content=\"Ferter1975\" \/>\n<meta name=\"twitter:card\" content=\"summary_large_image\" \/>\n<meta name=\"twitter:label1\" content=\"Scritto da\" \/>\n\t<meta name=\"twitter:data1\" content=\"Ferter1975\" \/>\n\t<meta name=\"twitter:label2\" content=\"Tempo di lettura stimato\" \/>\n\t<meta name=\"twitter:data2\" content=\"3 minuti\" \/>\n<script type=\"application\/ld+json\" class=\"yoast-schema-graph\">{\"@context\":\"https:\/\/schema.org\",\"@graph\":[{\"@type\":\"WebPage\",\"@id\":\"https:\/\/protezionecivile.regione.abruzzo.it:443\/agenzia\/emergenza-ucraina-marsilio-abruzzo-in-prima-linea-in-una-missione-sanitaria-internazionale-in-polonia\/\",\"url\":\"https:\/\/protezionecivile.regione.abruzzo.it:443\/agenzia\/emergenza-ucraina-marsilio-abruzzo-in-prima-linea-in-una-missione-sanitaria-internazionale-in-polonia\/\",\"name\":\"Emergenza Ucraina: Marsilio, Abruzzo in prima linea in una missione sanitaria internazionale in Polonia - [ APC Regione Abruzzo\",\"isPartOf\":{\"@id\":\"https:\/\/protezionecivile.regione.abruzzo.it:443\/agenzia\/#website\"},\"datePublished\":\"2022-03-25T08:44:00+00:00\",\"dateModified\":\"2022-10-21T07:46:07+00:00\",\"author\":{\"@id\":\"https:\/\/protezionecivile.regione.abruzzo.it:443\/agenzia\/#\/schema\/person\/b0076730d23ae3abf7bb21227f1e490d\"},\"breadcrumb\":{\"@id\":\"https:\/\/protezionecivile.regione.abruzzo.it:443\/agenzia\/emergenza-ucraina-marsilio-abruzzo-in-prima-linea-in-una-missione-sanitaria-internazionale-in-polonia\/#breadcrumb\"},\"inLanguage\":\"it-IT\",\"potentialAction\":[{\"@type\":\"ReadAction\",\"target\":[\"https:\/\/protezionecivile.regione.abruzzo.it:443\/agenzia\/emergenza-ucraina-marsilio-abruzzo-in-prima-linea-in-una-missione-sanitaria-internazionale-in-polonia\/\"]}]},{\"@type\":\"BreadcrumbList\",\"@id\":\"https:\/\/protezionecivile.regione.abruzzo.it:443\/agenzia\/emergenza-ucraina-marsilio-abruzzo-in-prima-linea-in-una-missione-sanitaria-internazionale-in-polonia\/#breadcrumb\",\"itemListElement\":[{\"@type\":\"ListItem\",\"position\":1,\"name\":\"Home\",\"item\":\"https:\/\/protezionecivile.regione.abruzzo.it:443\/agenzia\/\"},{\"@type\":\"ListItem\",\"position\":2,\"name\":\"Emergenza Ucraina: Marsilio, Abruzzo in prima linea in una missione sanitaria internazionale in Polonia\"}]},{\"@type\":\"WebSite\",\"@id\":\"https:\/\/protezionecivile.regione.abruzzo.it:443\/agenzia\/#website\",\"url\":\"https:\/\/protezionecivile.regione.abruzzo.it:443\/agenzia\/\",\"name\":\"[ APC Regione Abruzzo\",\"description\":\"[ Agenzia Protezione Civile Regione Abruzzo\",\"potentialAction\":[{\"@type\":\"SearchAction\",\"target\":{\"@type\":\"EntryPoint\",\"urlTemplate\":\"https:\/\/protezionecivile.regione.abruzzo.it:443\/agenzia\/?s={search_term_string}\"},\"query-input\":\"required name=search_term_string\"}],\"inLanguage\":\"it-IT\"},{\"@type\":\"Person\",\"@id\":\"https:\/\/protezionecivile.regione.abruzzo.it:443\/agenzia\/#\/schema\/person\/b0076730d23ae3abf7bb21227f1e490d\",\"name\":\"Ferter1975\",\"image\":{\"@type\":\"ImageObject\",\"inLanguage\":\"it-IT\",\"@id\":\"https:\/\/protezionecivile.regione.abruzzo.it:443\/agenzia\/#\/schema\/person\/image\/\",\"url\":\"https:\/\/secure.gravatar.com\/avatar\/53ff3d880f7e4e376c64ac961b6475a99601fe01c0607b0766cab8406f0e68f5?s=96&d=mm&r=g\",\"contentUrl\":\"https:\/\/secure.gravatar.com\/avatar\/53ff3d880f7e4e376c64ac961b6475a99601fe01c0607b0766cab8406f0e68f5?s=96&d=mm&r=g\",\"caption\":\"Ferter1975\"},\"sameAs\":[\"https:\/\/protezionecivile.regione.abruzzo.it:443\/agenzia\"]}]}<\/script>\n<!-- \/ Yoast SEO plugin. -->","yoast_head_json":{"title":"Emergenza Ucraina: Marsilio, Abruzzo in prima linea in una missione sanitaria internazionale in Polonia - [ APC Regione Abruzzo","robots":{"index":"index","follow":"follow","max-snippet":"max-snippet:-1","max-image-preview":"max-image-preview:large","max-video-preview":"max-video-preview:-1"},"canonical":"https:\/\/protezionecivile.regione.abruzzo.it:443\/agenzia\/emergenza-ucraina-marsilio-abruzzo-in-prima-linea-in-una-missione-sanitaria-internazionale-in-polonia\/","og_locale":"it_IT","og_type":"article","og_title":"Emergenza Ucraina: Marsilio, Abruzzo in prima linea in una missione sanitaria internazionale in Polonia - [ APC Regione Abruzzo","og_description":"(REGFLASH) Pescara, 25 mar. La Regione Abruzzo \u00e8 tra le otto regioni italiane che, attraverso la CROSS, la Centrale Remota per le Operazioni di Soccorso Sanitario, attivata dal Dipartimento nazionale [&hellip;]","og_url":"https:\/\/protezionecivile.regione.abruzzo.it:443\/agenzia\/emergenza-ucraina-marsilio-abruzzo-in-prima-linea-in-una-missione-sanitaria-internazionale-in-polonia\/","og_site_name":"[ APC Regione Abruzzo","article_published_time":"2022-03-25T08:44:00+00:00","article_modified_time":"2022-10-21T07:46:07+00:00","og_image":[{"width":1460,"height":990,"url":"https:\/\/protezionecivile.regione.abruzzo.it:443\/agenzia\/wp-content\/uploads\/2022\/10\/lacross.jpg","type":"image\/jpeg"}],"author":"Ferter1975","twitter_card":"summary_large_image","twitter_misc":{"Scritto da":"Ferter1975","Tempo di lettura stimato":"3 minuti"},"schema":{"@context":"https:\/\/schema.org","@graph":[{"@type":"WebPage","@id":"https:\/\/protezionecivile.regione.abruzzo.it:443\/agenzia\/emergenza-ucraina-marsilio-abruzzo-in-prima-linea-in-una-missione-sanitaria-internazionale-in-polonia\/","url":"https:\/\/protezionecivile.regione.abruzzo.it:443\/agenzia\/emergenza-ucraina-marsilio-abruzzo-in-prima-linea-in-una-missione-sanitaria-internazionale-in-polonia\/","name":"Emergenza Ucraina: Marsilio, Abruzzo in prima linea in una missione sanitaria internazionale in Polonia - [ APC Regione Abruzzo","isPartOf":{"@id":"https:\/\/protezionecivile.regione.abruzzo.it:443\/agenzia\/#website"},"datePublished":"2022-03-25T08:44:00+00:00","dateModified":"2022-10-21T07:46:07+00:00","author":{"@id":"https:\/\/protezionecivile.regione.abruzzo.it:443\/agenzia\/#\/schema\/person\/b0076730d23ae3abf7bb21227f1e490d"},"breadcrumb":{"@id":"https:\/\/protezionecivile.regione.abruzzo.it:443\/agenzia\/emergenza-ucraina-marsilio-abruzzo-in-prima-linea-in-una-missione-sanitaria-internazionale-in-polonia\/#breadcrumb"},"inLanguage":"it-IT","potentialAction":[{"@type":"ReadAction","target":["https:\/\/protezionecivile.regione.abruzzo.it:443\/agenzia\/emergenza-ucraina-marsilio-abruzzo-in-prima-linea-in-una-missione-sanitaria-internazionale-in-polonia\/"]}]},{"@type":"BreadcrumbList","@id":"https:\/\/protezionecivile.regione.abruzzo.it:443\/agenzia\/emergenza-ucraina-marsilio-abruzzo-in-prima-linea-in-una-missione-sanitaria-internazionale-in-polonia\/#breadcrumb","itemListElement":[{"@type":"ListItem","position":1,"name":"Home","item":"https:\/\/protezionecivile.regione.abruzzo.it:443\/agenzia\/"},{"@type":"ListItem","position":2,"name":"Emergenza Ucraina: Marsilio, Abruzzo in prima linea in una missione sanitaria internazionale in Polonia"}]},{"@type":"WebSite","@id":"https:\/\/protezionecivile.regione.abruzzo.it:443\/agenzia\/#website","url":"https:\/\/protezionecivile.regione.abruzzo.it:443\/agenzia\/","name":"[ APC Regione Abruzzo","description":"[ Agenzia Protezione Civile Regione Abruzzo","potentialAction":[{"@type":"SearchAction","target":{"@type":"EntryPoint","urlTemplate":"https:\/\/protezionecivile.regione.abruzzo.it:443\/agenzia\/?s={search_term_string}"},"query-input":"required name=search_term_string"}],"inLanguage":"it-IT"},{"@type":"Person","@id":"https:\/\/protezionecivile.regione.abruzzo.it:443\/agenzia\/#\/schema\/person\/b0076730d23ae3abf7bb21227f1e490d","name":"Ferter1975","image":{"@type":"ImageObject","inLanguage":"it-IT","@id":"https:\/\/protezionecivile.regione.abruzzo.it:443\/agenzia\/#\/schema\/person\/image\/","url":"https:\/\/secure.gravatar.com\/avatar\/53ff3d880f7e4e376c64ac961b6475a99601fe01c0607b0766cab8406f0e68f5?s=96&d=mm&r=g","contentUrl":"https:\/\/secure.gravatar.com\/avatar\/53ff3d880f7e4e376c64ac961b6475a99601fe01c0607b0766cab8406f0e68f5?s=96&d=mm&r=g","caption":"Ferter1975"},"sameAs":["https:\/\/protezionecivile.regione.abruzzo.it:443\/agenzia"]}]}},"_links":{"self":[{"href":"https:\/\/protezionecivile.regione.abruzzo.it:443\/agenzia\/wp-json\/wp\/v2\/posts\/80842","targetHints":{"allow":["GET"]}}],"collection":[{"href":"https:\/\/protezionecivile.regione.abruzzo.it:443\/agenzia\/wp-json\/wp\/v2\/posts"}],"about":[{"href":"https:\/\/protezionecivile.regione.abruzzo.it:443\/agenzia\/wp-json\/wp\/v2\/types\/post"}],"author":[{"embeddable":true,"href":"https:\/\/protezionecivile.regione.abruzzo.it:443\/agenzia\/wp-json\/wp\/v2\/users\/1"}],"replies":[{"embeddable":true,"href":"https:\/\/protezionecivile.regione.abruzzo.it:443\/agenzia\/wp-json\/wp\/v2\/comments?post=80842"}],"version-history":[{"count":0,"href":"https:\/\/protezionecivile.regione.abruzzo.it:443\/agenzia\/wp-json\/wp\/v2\/posts\/80842\/revisions"}],"wp:featuredmedia":[{"embeddable":true,"href":"https:\/\/protezionecivile.regione.abruzzo.it:443\/agenzia\/wp-json\/wp\/v2\/media\/80843"}],"wp:attachment":[{"href":"https:\/\/protezionecivile.regione.abruzzo.it:443\/agenzia\/wp-json\/wp\/v2\/media?parent=80842"}],"wp:term":[{"taxonomy":"category","embeddable":true,"href":"https:\/\/protezionecivile.regione.abruzzo.it:443\/agenzia\/wp-json\/wp\/v2\/categories?post=80842"},{"taxonomy":"post_tag","embeddable":true,"href":"https:\/\/protezionecivile.regione.abruzzo.it:443\/agenzia\/wp-json\/wp\/v2\/tags?post=80842"}],"curies":[{"name":"wp","href":"https:\/\/api.w.org\/{rel}","templated":true}]}}