{"id":80852,"date":"2022-10-04T09:54:13","date_gmt":"2022-10-04T07:54:13","guid":{"rendered":"https:\/\/protezionecivile.regione.abruzzo.it:443\/agenzia\/?p=80852"},"modified":"2022-10-24T09:37:09","modified_gmt":"2022-10-24T07:37:09","slug":"protezione-civile-siglato-protocollo-per-avvio-collaborazione-con-esercito-italiano","status":"publish","type":"post","link":"https:\/\/protezionecivile.regione.abruzzo.it:443\/agenzia\/protezione-civile-siglato-protocollo-per-avvio-collaborazione-con-esercito-italiano\/","title":{"rendered":"Protezione Civile: siglato protocollo per avvio collaborazione con Esercito italiano"},"content":{"rendered":" \n<p>L&#8217;Aquila, 4 ottobre 2022 &#8211; Un accordo che disciplina l\u2019eventuale impiego operativo, nonch\u00e9 una serie di attivit\u00e0 di addestramento e di esercitazioni comuni nell&#8217;ambito della protezione civile, al fine di sviluppare una sinergica risposta da parte degli enti dell\u2019Esercito dislocati nella Regione Abruzzo in caso di gestione di eventi calamitosi in ambito regionale. Tali attivit\u00e0, che saranno svolte sulla base di particolari scenari di rischio da identificarsi congiuntamente, prevedono il coinvolgimento di personale delle varie istituzioni munito di comprovata esperienza.<br>E&#8217; quanto stabilito nel protocollo d&#8217;intesa siglato stamane, alla presenza del Presidente della Giunta regionale Marco Marsilio, dal Prefetto dell&#8217;Aquila Cinzia Torraco, per il Ministero dell\u2019Interno, dal Comandante delle Forze Operative Sud Generale di Corpo d&#8217;Armata Giuseppenicola Tota, per il Ministero della Difesa e dal direttore dell\u2019Agenzia regionale di Protezione Civile Mauro Casinghini, per la Regione Abruzzo.<br>\u201cCon il protocollo sottoscritto oggi, al quale ho apposto anche la mia firma\u201d ha commentato il Presidente della Regione, \u201csi intende migliorare il gi\u00e0 esistente rapporto tra la Protezione Civile e le Forze Armate, intervenendo sul perfezionamento della catena di comando e sulla velocizzazione delle iniziative da intraprendere\u201d.\u00a0<br>Marsilio ha poi ricordato la tragedia della slavina sul Monte Velino che ha causato la morte di quattro escursionisti: \u201cin quei giorni la sinergia tra i vari corpi, istituzioni e associazioni di volontariato fu molto intensa e profonda, ma questa dolorosa circostanza ci ha aiutato a comprendere ci\u00f2 che poteva essere migliorato e oggi il frutto di questo lavoro e di questa collaborazione, \u00e8 riportato nel protocollo che stabilisce la procedura codificata di intervento e di entrata in campo delle forze armate, affianco della Protezione Civile regionale e con il coordinamento delle prefetture\u201d.\u00a0<br>\u201cSono sicuro\u201d ha concluso, \u201cche questo strumento contribuir\u00e0 a migliorare sia la velocit\u00e0, che la capacit\u00e0 stessa di intervento e di efficacia di tutto il sistema per la sicurezza dei nostri concittadini\u201d.<br>Nel documento si legge che la Protezione Civile Regionale ed il Comando per le Forze Operative SUD (COMFOPSUD) compatibilmente con le capacit\u00e0 tecniche del personale e dei mezzi a disposizione, potranno avvalersi dell&#8217;apporto fornito dagli enti operativi e territoriali dislocati sul territorio regionale.<br>In particolare nell&#8217;accordo viene precisato che l\u2019intervento dell\u2019Esercito, sia in casi di emergenza che, di normalit\u00e0, prevede la specifica richiesta da parte del prefetto al Comando multifunzione di competenza. Mentre per quanto riguarda le richieste di intervento dell\u2019Esercito da parte della protezione civile regionale, la procedura prevede che il predetto intervento possa essere richiesto attraverso la Prefettura capoluogo di regione. L&#8217;accordo siglato ha la durata di 3 anni e potr\u00e0 essere rinnovato mediante accordo tra le parti.<br>GIZZI\/PC\/221004<\/p>\n\n\n\n<p>VIDEO:&nbsp;<\/p>\n\n\n\n<p><a href=\"https:\/\/youtu.be\/75iVGOnhoGI\">Firmato documento di collaborazione Esercito e Protezione Civile<\/a><\/p>\n\n\n\n<p><\/p>\n\n\n\n<p><a href=\"https:\/\/www.regione.abruzzo.it\/content\/protezione-civile-siglato-protocollo-avvio-collaborazione-con-esercito-italiano\">https:\/\/www.regione.abruzzo.it\/content\/protezione-civile-siglato-protocollo-avvio-collaborazione-con-esercito-italiano<\/a><\/p>\n ","protected":false},"excerpt":{"rendered":"<p> L&#8217;Aquila, 4 ottobre 2022 &#8211; Un accordo che disciplina l\u2019eventuale impiego operativo, nonch\u00e9 una serie di attivit\u00e0 di addestramento e di esercitazioni comuni nell&#8217;ambito della protezione civile, al fine di [&hellip;] <\/p>\n","protected":false},"author":1,"featured_media":80853,"comment_status":"closed","ping_status":"closed","sticky":false,"template":"","format":"standard","meta":{"footnotes":"","_expiration-date-status":"","_expiration-date":0,"_expiration-date-type":"","_expiration-date-categories":[],"_expiration-date-options":[]},"categories":[400],"tags":[642],"class_list":["post-80852","post","type-post","status-publish","format-standard","has-post-thumbnail","hentry","category-notizie","tag-home-page"],"acf":[],"yoast_head":"<!-- This site is optimized with the Yoast SEO plugin v19.9 - https:\/\/yoast.com\/wordpress\/plugins\/seo\/ -->\n<title>Protezione Civile: siglato protocollo per avvio collaborazione con Esercito italiano - [ APC Regione Abruzzo<\/title>\n<meta name=\"robots\" content=\"index, follow, max-snippet:-1, max-image-preview:large, max-video-preview:-1\" \/>\n<link rel=\"canonical\" href=\"https:\/\/protezionecivile.regione.abruzzo.it:443\/agenzia\/protezione-civile-siglato-protocollo-per-avvio-collaborazione-con-esercito-italiano\/\" \/>\n<meta property=\"og:locale\" content=\"it_IT\" \/>\n<meta property=\"og:type\" content=\"article\" \/>\n<meta property=\"og:title\" content=\"Protezione Civile: siglato protocollo per avvio collaborazione con Esercito italiano - [ APC Regione Abruzzo\" \/>\n<meta property=\"og:description\" content=\"L&#8217;Aquila, 4 ottobre 2022 &#8211; Un accordo che disciplina l\u2019eventuale impiego operativo, nonch\u00e9 una serie di attivit\u00e0 di addestramento e di esercitazioni comuni nell&#8217;ambito della protezione civile, al fine di [&hellip;]\" \/>\n<meta property=\"og:url\" content=\"https:\/\/protezionecivile.regione.abruzzo.it:443\/agenzia\/protezione-civile-siglato-protocollo-per-avvio-collaborazione-con-esercito-italiano\/\" \/>\n<meta property=\"og:site_name\" content=\"[ APC Regione Abruzzo\" \/>\n<meta property=\"article:published_time\" content=\"2022-10-04T07:54:13+00:00\" \/>\n<meta property=\"article:modified_time\" content=\"2022-10-24T07:37:09+00:00\" \/>\n<meta property=\"og:image\" content=\"https:\/\/protezionecivile.regione.abruzzo.it:443\/agenzia\/wp-content\/uploads\/2022\/10\/convenzione-esercito-apc-abruzzo.jpg\" \/>\n\t<meta property=\"og:image:width\" content=\"1460\" \/>\n\t<meta property=\"og:image:height\" content=\"990\" \/>\n\t<meta property=\"og:image:type\" content=\"image\/jpeg\" \/>\n<meta name=\"author\" content=\"Ferter1975\" \/>\n<meta name=\"twitter:card\" content=\"summary_large_image\" \/>\n<meta name=\"twitter:label1\" content=\"Scritto da\" \/>\n\t<meta name=\"twitter:data1\" content=\"Ferter1975\" \/>\n\t<meta name=\"twitter:label2\" content=\"Tempo di lettura stimato\" \/>\n\t<meta name=\"twitter:data2\" content=\"3 minuti\" \/>\n<script type=\"application\/ld+json\" class=\"yoast-schema-graph\">{\"@context\":\"https:\/\/schema.org\",\"@graph\":[{\"@type\":\"WebPage\",\"@id\":\"https:\/\/protezionecivile.regione.abruzzo.it:443\/agenzia\/protezione-civile-siglato-protocollo-per-avvio-collaborazione-con-esercito-italiano\/\",\"url\":\"https:\/\/protezionecivile.regione.abruzzo.it:443\/agenzia\/protezione-civile-siglato-protocollo-per-avvio-collaborazione-con-esercito-italiano\/\",\"name\":\"Protezione Civile: siglato protocollo per avvio collaborazione con Esercito italiano - [ APC Regione Abruzzo\",\"isPartOf\":{\"@id\":\"https:\/\/protezionecivile.regione.abruzzo.it:443\/agenzia\/#website\"},\"datePublished\":\"2022-10-04T07:54:13+00:00\",\"dateModified\":\"2022-10-24T07:37:09+00:00\",\"author\":{\"@id\":\"https:\/\/protezionecivile.regione.abruzzo.it:443\/agenzia\/#\/schema\/person\/b0076730d23ae3abf7bb21227f1e490d\"},\"breadcrumb\":{\"@id\":\"https:\/\/protezionecivile.regione.abruzzo.it:443\/agenzia\/protezione-civile-siglato-protocollo-per-avvio-collaborazione-con-esercito-italiano\/#breadcrumb\"},\"inLanguage\":\"it-IT\",\"potentialAction\":[{\"@type\":\"ReadAction\",\"target\":[\"https:\/\/protezionecivile.regione.abruzzo.it:443\/agenzia\/protezione-civile-siglato-protocollo-per-avvio-collaborazione-con-esercito-italiano\/\"]}]},{\"@type\":\"BreadcrumbList\",\"@id\":\"https:\/\/protezionecivile.regione.abruzzo.it:443\/agenzia\/protezione-civile-siglato-protocollo-per-avvio-collaborazione-con-esercito-italiano\/#breadcrumb\",\"itemListElement\":[{\"@type\":\"ListItem\",\"position\":1,\"name\":\"Home\",\"item\":\"https:\/\/protezionecivile.regione.abruzzo.it:443\/agenzia\/\"},{\"@type\":\"ListItem\",\"position\":2,\"name\":\"Protezione Civile: siglato protocollo per avvio collaborazione con Esercito italiano\"}]},{\"@type\":\"WebSite\",\"@id\":\"https:\/\/protezionecivile.regione.abruzzo.it:443\/agenzia\/#website\",\"url\":\"https:\/\/protezionecivile.regione.abruzzo.it:443\/agenzia\/\",\"name\":\"[ APC Regione Abruzzo\",\"description\":\"[ Agenzia Protezione Civile Regione Abruzzo\",\"potentialAction\":[{\"@type\":\"SearchAction\",\"target\":{\"@type\":\"EntryPoint\",\"urlTemplate\":\"https:\/\/protezionecivile.regione.abruzzo.it:443\/agenzia\/?s={search_term_string}\"},\"query-input\":\"required name=search_term_string\"}],\"inLanguage\":\"it-IT\"},{\"@type\":\"Person\",\"@id\":\"https:\/\/protezionecivile.regione.abruzzo.it:443\/agenzia\/#\/schema\/person\/b0076730d23ae3abf7bb21227f1e490d\",\"name\":\"Ferter1975\",\"image\":{\"@type\":\"ImageObject\",\"inLanguage\":\"it-IT\",\"@id\":\"https:\/\/protezionecivile.regione.abruzzo.it:443\/agenzia\/#\/schema\/person\/image\/\",\"url\":\"https:\/\/secure.gravatar.com\/avatar\/53ff3d880f7e4e376c64ac961b6475a99601fe01c0607b0766cab8406f0e68f5?s=96&d=mm&r=g\",\"contentUrl\":\"https:\/\/secure.gravatar.com\/avatar\/53ff3d880f7e4e376c64ac961b6475a99601fe01c0607b0766cab8406f0e68f5?s=96&d=mm&r=g\",\"caption\":\"Ferter1975\"},\"sameAs\":[\"https:\/\/protezionecivile.regione.abruzzo.it:443\/agenzia\"]}]}<\/script>\n<!-- \/ Yoast SEO plugin. -->","yoast_head_json":{"title":"Protezione Civile: siglato protocollo per avvio collaborazione con Esercito italiano - [ APC Regione Abruzzo","robots":{"index":"index","follow":"follow","max-snippet":"max-snippet:-1","max-image-preview":"max-image-preview:large","max-video-preview":"max-video-preview:-1"},"canonical":"https:\/\/protezionecivile.regione.abruzzo.it:443\/agenzia\/protezione-civile-siglato-protocollo-per-avvio-collaborazione-con-esercito-italiano\/","og_locale":"it_IT","og_type":"article","og_title":"Protezione Civile: siglato protocollo per avvio collaborazione con Esercito italiano - [ APC Regione Abruzzo","og_description":"L&#8217;Aquila, 4 ottobre 2022 &#8211; Un accordo che disciplina l\u2019eventuale impiego operativo, nonch\u00e9 una serie di attivit\u00e0 di addestramento e di esercitazioni comuni nell&#8217;ambito della protezione civile, al fine di [&hellip;]","og_url":"https:\/\/protezionecivile.regione.abruzzo.it:443\/agenzia\/protezione-civile-siglato-protocollo-per-avvio-collaborazione-con-esercito-italiano\/","og_site_name":"[ APC Regione Abruzzo","article_published_time":"2022-10-04T07:54:13+00:00","article_modified_time":"2022-10-24T07:37:09+00:00","og_image":[{"width":1460,"height":990,"url":"https:\/\/protezionecivile.regione.abruzzo.it:443\/agenzia\/wp-content\/uploads\/2022\/10\/convenzione-esercito-apc-abruzzo.jpg","type":"image\/jpeg"}],"author":"Ferter1975","twitter_card":"summary_large_image","twitter_misc":{"Scritto da":"Ferter1975","Tempo di lettura stimato":"3 minuti"},"schema":{"@context":"https:\/\/schema.org","@graph":[{"@type":"WebPage","@id":"https:\/\/protezionecivile.regione.abruzzo.it:443\/agenzia\/protezione-civile-siglato-protocollo-per-avvio-collaborazione-con-esercito-italiano\/","url":"https:\/\/protezionecivile.regione.abruzzo.it:443\/agenzia\/protezione-civile-siglato-protocollo-per-avvio-collaborazione-con-esercito-italiano\/","name":"Protezione Civile: siglato protocollo per avvio collaborazione con Esercito italiano - [ APC Regione Abruzzo","isPartOf":{"@id":"https:\/\/protezionecivile.regione.abruzzo.it:443\/agenzia\/#website"},"datePublished":"2022-10-04T07:54:13+00:00","dateModified":"2022-10-24T07:37:09+00:00","author":{"@id":"https:\/\/protezionecivile.regione.abruzzo.it:443\/agenzia\/#\/schema\/person\/b0076730d23ae3abf7bb21227f1e490d"},"breadcrumb":{"@id":"https:\/\/protezionecivile.regione.abruzzo.it:443\/agenzia\/protezione-civile-siglato-protocollo-per-avvio-collaborazione-con-esercito-italiano\/#breadcrumb"},"inLanguage":"it-IT","potentialAction":[{"@type":"ReadAction","target":["https:\/\/protezionecivile.regione.abruzzo.it:443\/agenzia\/protezione-civile-siglato-protocollo-per-avvio-collaborazione-con-esercito-italiano\/"]}]},{"@type":"BreadcrumbList","@id":"https:\/\/protezionecivile.regione.abruzzo.it:443\/agenzia\/protezione-civile-siglato-protocollo-per-avvio-collaborazione-con-esercito-italiano\/#breadcrumb","itemListElement":[{"@type":"ListItem","position":1,"name":"Home","item":"https:\/\/protezionecivile.regione.abruzzo.it:443\/agenzia\/"},{"@type":"ListItem","position":2,"name":"Protezione Civile: siglato protocollo per avvio collaborazione con Esercito italiano"}]},{"@type":"WebSite","@id":"https:\/\/protezionecivile.regione.abruzzo.it:443\/agenzia\/#website","url":"https:\/\/protezionecivile.regione.abruzzo.it:443\/agenzia\/","name":"[ APC Regione Abruzzo","description":"[ Agenzia Protezione Civile Regione Abruzzo","potentialAction":[{"@type":"SearchAction","target":{"@type":"EntryPoint","urlTemplate":"https:\/\/protezionecivile.regione.abruzzo.it:443\/agenzia\/?s={search_term_string}"},"query-input":"required name=search_term_string"}],"inLanguage":"it-IT"},{"@type":"Person","@id":"https:\/\/protezionecivile.regione.abruzzo.it:443\/agenzia\/#\/schema\/person\/b0076730d23ae3abf7bb21227f1e490d","name":"Ferter1975","image":{"@type":"ImageObject","inLanguage":"it-IT","@id":"https:\/\/protezionecivile.regione.abruzzo.it:443\/agenzia\/#\/schema\/person\/image\/","url":"https:\/\/secure.gravatar.com\/avatar\/53ff3d880f7e4e376c64ac961b6475a99601fe01c0607b0766cab8406f0e68f5?s=96&d=mm&r=g","contentUrl":"https:\/\/secure.gravatar.com\/avatar\/53ff3d880f7e4e376c64ac961b6475a99601fe01c0607b0766cab8406f0e68f5?s=96&d=mm&r=g","caption":"Ferter1975"},"sameAs":["https:\/\/protezionecivile.regione.abruzzo.it:443\/agenzia"]}]}},"_links":{"self":[{"href":"https:\/\/protezionecivile.regione.abruzzo.it:443\/agenzia\/wp-json\/wp\/v2\/posts\/80852","targetHints":{"allow":["GET"]}}],"collection":[{"href":"https:\/\/protezionecivile.regione.abruzzo.it:443\/agenzia\/wp-json\/wp\/v2\/posts"}],"about":[{"href":"https:\/\/protezionecivile.regione.abruzzo.it:443\/agenzia\/wp-json\/wp\/v2\/types\/post"}],"author":[{"embeddable":true,"href":"https:\/\/protezionecivile.regione.abruzzo.it:443\/agenzia\/wp-json\/wp\/v2\/users\/1"}],"replies":[{"embeddable":true,"href":"https:\/\/protezionecivile.regione.abruzzo.it:443\/agenzia\/wp-json\/wp\/v2\/comments?post=80852"}],"version-history":[{"count":0,"href":"https:\/\/protezionecivile.regione.abruzzo.it:443\/agenzia\/wp-json\/wp\/v2\/posts\/80852\/revisions"}],"wp:featuredmedia":[{"embeddable":true,"href":"https:\/\/protezionecivile.regione.abruzzo.it:443\/agenzia\/wp-json\/wp\/v2\/media\/80853"}],"wp:attachment":[{"href":"https:\/\/protezionecivile.regione.abruzzo.it:443\/agenzia\/wp-json\/wp\/v2\/media?parent=80852"}],"wp:term":[{"taxonomy":"category","embeddable":true,"href":"https:\/\/protezionecivile.regione.abruzzo.it:443\/agenzia\/wp-json\/wp\/v2\/categories?post=80852"},{"taxonomy":"post_tag","embeddable":true,"href":"https:\/\/protezionecivile.regione.abruzzo.it:443\/agenzia\/wp-json\/wp\/v2\/tags?post=80852"}],"curies":[{"name":"wp","href":"https:\/\/api.w.org\/{rel}","templated":true}]}}