{"id":83908,"date":"2023-02-09T16:32:07","date_gmt":"2023-02-09T15:32:07","guid":{"rendered":"https:\/\/protezionecivile.regione.abruzzo.it:443\/agenzia\/?p=83908"},"modified":"2023-02-09T16:50:50","modified_gmt":"2023-02-09T15:50:50","slug":"montagna-sicura-la-protezione-civile-consegna-ai-carabinieri-forestale-due-sonde-digitali-da-neve","status":"publish","type":"post","link":"https:\/\/protezionecivile.regione.abruzzo.it:443\/agenzia\/montagna-sicura-la-protezione-civile-consegna-ai-carabinieri-forestale-due-sonde-digitali-da-neve\/","title":{"rendered":"Montagna sicura: la protezione civile consegna ai carabinieri forestale due sonde digitali da neve"},"content":{"rendered":" \n<p>(Regflash) L\u2019Aquila, 8 feb 2023 &#8211; Prosegue l\u2019impegno della Regione Abruzzo nella campagna di mitigazione del rischio valanghivo e di sensibilizzazione sui pericoli in ambiente montano.<\/p>\n\n\n<div class=\"wp-block-image\">\n<figure class=\"alignright size-large is-resized\"><img loading=\"lazy\" decoding=\"async\" src=\"https:\/\/protezionecivile.regione.abruzzo.it:443\/agenzia\/wp-content\/uploads\/2023\/02\/cas4-3-1024x694.jpg\" alt=\"\" class=\"wp-image-83909\" width=\"502\" height=\"340\" srcset=\"https:\/\/protezionecivile.regione.abruzzo.it:443\/agenzia\/wp-content\/uploads\/2023\/02\/cas4-3-1024x694.jpg 1024w, https:\/\/protezionecivile.regione.abruzzo.it:443\/agenzia\/wp-content\/uploads\/2023\/02\/cas4-3-300x203.jpg 300w, https:\/\/protezionecivile.regione.abruzzo.it:443\/agenzia\/wp-content\/uploads\/2023\/02\/cas4-3-768x521.jpg 768w, https:\/\/protezionecivile.regione.abruzzo.it:443\/agenzia\/wp-content\/uploads\/2023\/02\/cas4-3.jpg 1460w\" sizes=\"auto, (max-width: 502px) 100vw, 502px\" \/><\/figure><\/div>\n\n\n<p>Questa mattina nella sede dell&#8217;Agenzia Regionale di Protezione Civile, all\u2019Aquila, il direttore Mauro Casinghini ha consegnato al Comando Regione Carabinieri Forestale &#8220;Abruzzo e Molise\u201d, nelle mani del generale Giampiero Costantini, due kit di attrezzature digitali per le attivit\u00e0 di controllo del manto nevoso.<\/p>\n\n\n\n<p>In particolare si tratta di due sonde penetrometriche digitali da neve che saranno un utile supporto a disposizione dei Carabinieri Forestale nelle loro attivit\u00e0 di previsione del pericolo valanghe, cos\u00ec come disciplinato nella convenzione stipulata tra Regione Abruzzo e il Ministero delle politiche agricole alimentari, forestali per l&#8217;impiego delle unit\u00e0 Carabinieri Forestale.<\/p>\n\n\n\n<p>Lo \u201cSnow Scope\u201d, prodotta nel USA, \u00e8 un penetrometro digitale da neve molto leggero (280 gr.) che consente una rapida lettura del profilo della neve a terra, misurandone profondit\u00e0 e resistenza meccanica ai vari strati: dati utili per valutare la stabilit\u00e0 del manto nevoso e la possibilit\u00e0 di distacco valanghe.&nbsp; Non sostituisce la strumentazione classica utilizzata, ma la integra consentendo di raccogliere ordini di grandezza in pi\u00f9 punti con maggiore velocit\u00e0 di raccolta rispetto ai metodi tradizionali.<\/p>\n\n\n\n<p>I dati rilevabili mediante una apposita App collegata al cellulare, possono essere geolocalizzati e condivisibili con altri utenti e con la rete web. (Regflash) CG\/PC\/230209<\/p>\n\n\n\n<p>Nella foto da sn: T. Col. Donatello Cirillo, Comandante provinciale AQ Carabinieri Forestale; Gen. B. &nbsp;Giampiero Costantini, Comandante Regione Carabinieri Forestale \u201cAbruzzo e Molise\u201d; dott. Mauro Casinghini, Direttore Agenzia Regionale di Protezione Civile Abruzzo<\/p>\n\n\n\n<p><\/p>\n\n\n\n<p><\/p>\n\n\n\n<p class=\"has-text-align-left\"><\/p>\n\n\n\n<p><\/p>\n\n\n\n<p><\/p>\n\n\n\n<p><\/p>\n\n\n\n<p><\/p>\n\n\n\n<p><\/p>\n\n\n\n<p class=\"has-text-align-center\"><\/p>\n ","protected":false},"excerpt":{"rendered":"<p> (Regflash) L\u2019Aquila, 8 feb 2023 &#8211; Prosegue l\u2019impegno della Regione Abruzzo nella campagna di mitigazione del rischio valanghivo e di sensibilizzazione sui pericoli in ambiente montano. Questa mattina nella sede [&hellip;] <\/p>\n","protected":false},"author":1,"featured_media":83909,"comment_status":"closed","ping_status":"closed","sticky":false,"template":"","format":"standard","meta":{"footnotes":"","_expiration-date-status":"","_expiration-date":1675957832,"_expiration-date-type":"draft","_expiration-date-categories":[],"_expiration-date-options":[]},"categories":[400],"tags":[642],"class_list":["post-83908","post","type-post","status-publish","format-standard","has-post-thumbnail","hentry","category-notizie","tag-home-page"],"acf":[],"yoast_head":"<!-- This site is optimized with the Yoast SEO plugin v19.9 - https:\/\/yoast.com\/wordpress\/plugins\/seo\/ -->\n<title>[ VOE \u2013 Volontariato Oltre l\u2019Emergenza \u2013 Passione, responsabilit\u00e0, formazione e in-formazione<\/title>\n<meta name=\"description\" content=\"VOE \u2013 Volontariato Oltre l\u2019Emergenza \u2013 Passione, responsabilit\u00e0, formazione e in-formazione\" \/>\n<meta name=\"robots\" content=\"index, follow, max-snippet:-1, max-image-preview:large, max-video-preview:-1\" \/>\n<link rel=\"canonical\" href=\"https:\/\/protezionecivile.regione.abruzzo.it:443\/agenzia\/montagna-sicura-la-protezione-civile-consegna-ai-carabinieri-forestale-due-sonde-digitali-da-neve\/\" \/>\n<meta property=\"og:locale\" content=\"it_IT\" \/>\n<meta property=\"og:type\" content=\"article\" \/>\n<meta property=\"og:title\" content=\"[ VOE \u2013 Volontariato Oltre l\u2019Emergenza \u2013 Passione, responsabilit\u00e0, formazione e in-formazione\" \/>\n<meta property=\"og:description\" content=\"VOE \u2013 Volontariato Oltre l\u2019Emergenza \u2013 Passione, responsabilit\u00e0, formazione e in-formazione\" \/>\n<meta property=\"og:url\" content=\"https:\/\/protezionecivile.regione.abruzzo.it:443\/agenzia\/montagna-sicura-la-protezione-civile-consegna-ai-carabinieri-forestale-due-sonde-digitali-da-neve\/\" \/>\n<meta property=\"og:site_name\" content=\"[ APC Regione Abruzzo\" \/>\n<meta property=\"article:published_time\" content=\"2023-02-09T15:32:07+00:00\" \/>\n<meta property=\"article:modified_time\" content=\"2023-02-09T15:50:50+00:00\" \/>\n<meta property=\"og:image\" content=\"https:\/\/protezionecivile.regione.abruzzo.it:443\/agenzia\/wp-content\/uploads\/2023\/02\/cas4-3.jpg\" \/>\n\t<meta property=\"og:image:width\" content=\"1460\" \/>\n\t<meta property=\"og:image:height\" content=\"990\" \/>\n\t<meta property=\"og:image:type\" content=\"image\/jpeg\" \/>\n<meta name=\"author\" content=\"Ferter1975\" \/>\n<meta name=\"twitter:card\" content=\"summary_large_image\" \/>\n<meta name=\"twitter:label1\" content=\"Scritto da\" \/>\n\t<meta name=\"twitter:data1\" content=\"Ferter1975\" \/>\n\t<meta name=\"twitter:label2\" content=\"Tempo di lettura stimato\" \/>\n\t<meta name=\"twitter:data2\" content=\"2 minuti\" \/>\n<script type=\"application\/ld+json\" class=\"yoast-schema-graph\">{\"@context\":\"https:\/\/schema.org\",\"@graph\":[{\"@type\":\"WebPage\",\"@id\":\"https:\/\/protezionecivile.regione.abruzzo.it:443\/agenzia\/montagna-sicura-la-protezione-civile-consegna-ai-carabinieri-forestale-due-sonde-digitali-da-neve\/\",\"url\":\"https:\/\/protezionecivile.regione.abruzzo.it:443\/agenzia\/montagna-sicura-la-protezione-civile-consegna-ai-carabinieri-forestale-due-sonde-digitali-da-neve\/\",\"name\":\"[ VOE \u2013 Volontariato Oltre l\u2019Emergenza \u2013 Passione, responsabilit\u00e0, formazione e in-formazione\",\"isPartOf\":{\"@id\":\"https:\/\/protezionecivile.regione.abruzzo.it:443\/agenzia\/#website\"},\"datePublished\":\"2023-02-09T15:32:07+00:00\",\"dateModified\":\"2023-02-09T15:50:50+00:00\",\"author\":{\"@id\":\"https:\/\/protezionecivile.regione.abruzzo.it:443\/agenzia\/#\/schema\/person\/b0076730d23ae3abf7bb21227f1e490d\"},\"description\":\"VOE \u2013 Volontariato Oltre l\u2019Emergenza \u2013 Passione, responsabilit\u00e0, formazione e in-formazione\",\"breadcrumb\":{\"@id\":\"https:\/\/protezionecivile.regione.abruzzo.it:443\/agenzia\/montagna-sicura-la-protezione-civile-consegna-ai-carabinieri-forestale-due-sonde-digitali-da-neve\/#breadcrumb\"},\"inLanguage\":\"it-IT\",\"potentialAction\":[{\"@type\":\"ReadAction\",\"target\":[\"https:\/\/protezionecivile.regione.abruzzo.it:443\/agenzia\/montagna-sicura-la-protezione-civile-consegna-ai-carabinieri-forestale-due-sonde-digitali-da-neve\/\"]}]},{\"@type\":\"BreadcrumbList\",\"@id\":\"https:\/\/protezionecivile.regione.abruzzo.it:443\/agenzia\/montagna-sicura-la-protezione-civile-consegna-ai-carabinieri-forestale-due-sonde-digitali-da-neve\/#breadcrumb\",\"itemListElement\":[{\"@type\":\"ListItem\",\"position\":1,\"name\":\"Home\",\"item\":\"https:\/\/protezionecivile.regione.abruzzo.it:443\/agenzia\/\"},{\"@type\":\"ListItem\",\"position\":2,\"name\":\"Montagna sicura: la protezione civile consegna ai carabinieri forestale due sonde digitali da neve\"}]},{\"@type\":\"WebSite\",\"@id\":\"https:\/\/protezionecivile.regione.abruzzo.it:443\/agenzia\/#website\",\"url\":\"https:\/\/protezionecivile.regione.abruzzo.it:443\/agenzia\/\",\"name\":\"[ APC Regione Abruzzo\",\"description\":\"[ Agenzia Protezione Civile Regione Abruzzo\",\"potentialAction\":[{\"@type\":\"SearchAction\",\"target\":{\"@type\":\"EntryPoint\",\"urlTemplate\":\"https:\/\/protezionecivile.regione.abruzzo.it:443\/agenzia\/?s={search_term_string}\"},\"query-input\":\"required name=search_term_string\"}],\"inLanguage\":\"it-IT\"},{\"@type\":\"Person\",\"@id\":\"https:\/\/protezionecivile.regione.abruzzo.it:443\/agenzia\/#\/schema\/person\/b0076730d23ae3abf7bb21227f1e490d\",\"name\":\"Ferter1975\",\"image\":{\"@type\":\"ImageObject\",\"inLanguage\":\"it-IT\",\"@id\":\"https:\/\/protezionecivile.regione.abruzzo.it:443\/agenzia\/#\/schema\/person\/image\/\",\"url\":\"https:\/\/secure.gravatar.com\/avatar\/53ff3d880f7e4e376c64ac961b6475a99601fe01c0607b0766cab8406f0e68f5?s=96&d=mm&r=g\",\"contentUrl\":\"https:\/\/secure.gravatar.com\/avatar\/53ff3d880f7e4e376c64ac961b6475a99601fe01c0607b0766cab8406f0e68f5?s=96&d=mm&r=g\",\"caption\":\"Ferter1975\"},\"sameAs\":[\"https:\/\/protezionecivile.regione.abruzzo.it:443\/agenzia\"]}]}<\/script>\n<!-- \/ Yoast SEO plugin. -->","yoast_head_json":{"title":"[ VOE \u2013 Volontariato Oltre l\u2019Emergenza \u2013 Passione, responsabilit\u00e0, formazione e in-formazione","description":"VOE \u2013 Volontariato Oltre l\u2019Emergenza \u2013 Passione, responsabilit\u00e0, formazione e in-formazione","robots":{"index":"index","follow":"follow","max-snippet":"max-snippet:-1","max-image-preview":"max-image-preview:large","max-video-preview":"max-video-preview:-1"},"canonical":"https:\/\/protezionecivile.regione.abruzzo.it:443\/agenzia\/montagna-sicura-la-protezione-civile-consegna-ai-carabinieri-forestale-due-sonde-digitali-da-neve\/","og_locale":"it_IT","og_type":"article","og_title":"[ VOE \u2013 Volontariato Oltre l\u2019Emergenza \u2013 Passione, responsabilit\u00e0, formazione e in-formazione","og_description":"VOE \u2013 Volontariato Oltre l\u2019Emergenza \u2013 Passione, responsabilit\u00e0, formazione e in-formazione","og_url":"https:\/\/protezionecivile.regione.abruzzo.it:443\/agenzia\/montagna-sicura-la-protezione-civile-consegna-ai-carabinieri-forestale-due-sonde-digitali-da-neve\/","og_site_name":"[ APC Regione Abruzzo","article_published_time":"2023-02-09T15:32:07+00:00","article_modified_time":"2023-02-09T15:50:50+00:00","og_image":[{"width":1460,"height":990,"url":"https:\/\/protezionecivile.regione.abruzzo.it:443\/agenzia\/wp-content\/uploads\/2023\/02\/cas4-3.jpg","type":"image\/jpeg"}],"author":"Ferter1975","twitter_card":"summary_large_image","twitter_misc":{"Scritto da":"Ferter1975","Tempo di lettura stimato":"2 minuti"},"schema":{"@context":"https:\/\/schema.org","@graph":[{"@type":"WebPage","@id":"https:\/\/protezionecivile.regione.abruzzo.it:443\/agenzia\/montagna-sicura-la-protezione-civile-consegna-ai-carabinieri-forestale-due-sonde-digitali-da-neve\/","url":"https:\/\/protezionecivile.regione.abruzzo.it:443\/agenzia\/montagna-sicura-la-protezione-civile-consegna-ai-carabinieri-forestale-due-sonde-digitali-da-neve\/","name":"[ VOE \u2013 Volontariato Oltre l\u2019Emergenza \u2013 Passione, responsabilit\u00e0, formazione e in-formazione","isPartOf":{"@id":"https:\/\/protezionecivile.regione.abruzzo.it:443\/agenzia\/#website"},"datePublished":"2023-02-09T15:32:07+00:00","dateModified":"2023-02-09T15:50:50+00:00","author":{"@id":"https:\/\/protezionecivile.regione.abruzzo.it:443\/agenzia\/#\/schema\/person\/b0076730d23ae3abf7bb21227f1e490d"},"description":"VOE \u2013 Volontariato Oltre l\u2019Emergenza \u2013 Passione, responsabilit\u00e0, formazione e in-formazione","breadcrumb":{"@id":"https:\/\/protezionecivile.regione.abruzzo.it:443\/agenzia\/montagna-sicura-la-protezione-civile-consegna-ai-carabinieri-forestale-due-sonde-digitali-da-neve\/#breadcrumb"},"inLanguage":"it-IT","potentialAction":[{"@type":"ReadAction","target":["https:\/\/protezionecivile.regione.abruzzo.it:443\/agenzia\/montagna-sicura-la-protezione-civile-consegna-ai-carabinieri-forestale-due-sonde-digitali-da-neve\/"]}]},{"@type":"BreadcrumbList","@id":"https:\/\/protezionecivile.regione.abruzzo.it:443\/agenzia\/montagna-sicura-la-protezione-civile-consegna-ai-carabinieri-forestale-due-sonde-digitali-da-neve\/#breadcrumb","itemListElement":[{"@type":"ListItem","position":1,"name":"Home","item":"https:\/\/protezionecivile.regione.abruzzo.it:443\/agenzia\/"},{"@type":"ListItem","position":2,"name":"Montagna sicura: la protezione civile consegna ai carabinieri forestale due sonde digitali da neve"}]},{"@type":"WebSite","@id":"https:\/\/protezionecivile.regione.abruzzo.it:443\/agenzia\/#website","url":"https:\/\/protezionecivile.regione.abruzzo.it:443\/agenzia\/","name":"[ APC Regione Abruzzo","description":"[ Agenzia Protezione Civile Regione Abruzzo","potentialAction":[{"@type":"SearchAction","target":{"@type":"EntryPoint","urlTemplate":"https:\/\/protezionecivile.regione.abruzzo.it:443\/agenzia\/?s={search_term_string}"},"query-input":"required name=search_term_string"}],"inLanguage":"it-IT"},{"@type":"Person","@id":"https:\/\/protezionecivile.regione.abruzzo.it:443\/agenzia\/#\/schema\/person\/b0076730d23ae3abf7bb21227f1e490d","name":"Ferter1975","image":{"@type":"ImageObject","inLanguage":"it-IT","@id":"https:\/\/protezionecivile.regione.abruzzo.it:443\/agenzia\/#\/schema\/person\/image\/","url":"https:\/\/secure.gravatar.com\/avatar\/53ff3d880f7e4e376c64ac961b6475a99601fe01c0607b0766cab8406f0e68f5?s=96&d=mm&r=g","contentUrl":"https:\/\/secure.gravatar.com\/avatar\/53ff3d880f7e4e376c64ac961b6475a99601fe01c0607b0766cab8406f0e68f5?s=96&d=mm&r=g","caption":"Ferter1975"},"sameAs":["https:\/\/protezionecivile.regione.abruzzo.it:443\/agenzia"]}]}},"_links":{"self":[{"href":"https:\/\/protezionecivile.regione.abruzzo.it:443\/agenzia\/wp-json\/wp\/v2\/posts\/83908","targetHints":{"allow":["GET"]}}],"collection":[{"href":"https:\/\/protezionecivile.regione.abruzzo.it:443\/agenzia\/wp-json\/wp\/v2\/posts"}],"about":[{"href":"https:\/\/protezionecivile.regione.abruzzo.it:443\/agenzia\/wp-json\/wp\/v2\/types\/post"}],"author":[{"embeddable":true,"href":"https:\/\/protezionecivile.regione.abruzzo.it:443\/agenzia\/wp-json\/wp\/v2\/users\/1"}],"replies":[{"embeddable":true,"href":"https:\/\/protezionecivile.regione.abruzzo.it:443\/agenzia\/wp-json\/wp\/v2\/comments?post=83908"}],"version-history":[{"count":5,"href":"https:\/\/protezionecivile.regione.abruzzo.it:443\/agenzia\/wp-json\/wp\/v2\/posts\/83908\/revisions"}],"predecessor-version":[{"id":83921,"href":"https:\/\/protezionecivile.regione.abruzzo.it:443\/agenzia\/wp-json\/wp\/v2\/posts\/83908\/revisions\/83921"}],"wp:featuredmedia":[{"embeddable":true,"href":"https:\/\/protezionecivile.regione.abruzzo.it:443\/agenzia\/wp-json\/wp\/v2\/media\/83909"}],"wp:attachment":[{"href":"https:\/\/protezionecivile.regione.abruzzo.it:443\/agenzia\/wp-json\/wp\/v2\/media?parent=83908"}],"wp:term":[{"taxonomy":"category","embeddable":true,"href":"https:\/\/protezionecivile.regione.abruzzo.it:443\/agenzia\/wp-json\/wp\/v2\/categories?post=83908"},{"taxonomy":"post_tag","embeddable":true,"href":"https:\/\/protezionecivile.regione.abruzzo.it:443\/agenzia\/wp-json\/wp\/v2\/tags?post=83908"}],"curies":[{"name":"wp","href":"https:\/\/api.w.org\/{rel}","templated":true}]}}