{"id":84383,"date":"2023-03-21T13:09:43","date_gmt":"2023-03-21T12:09:43","guid":{"rendered":"https:\/\/protezionecivile.regione.abruzzo.it:443\/agenzia\/?p=84383"},"modified":"2023-03-21T13:23:35","modified_gmt":"2023-03-21T12:23:35","slug":"comunicazione-di-crisi-gli-esperti-si-confrontano-ad-avezzano-sui-rischi-e-sulle-opportunita-del-web","status":"publish","type":"post","link":"https:\/\/protezionecivile.regione.abruzzo.it:443\/agenzia\/comunicazione-di-crisi-gli-esperti-si-confrontano-ad-avezzano-sui-rischi-e-sulle-opportunita-del-web\/","title":{"rendered":"<strong>Comunicazione di crisi: gli esperti si confrontano ad Avezzano sui rischi e sulle opportunit\u00e0 del web<\/strong>"},"content":{"rendered":" \n<p>Come mantenere saldo il timone della comunicazione nel ben mezzo di una crisi? \u00c8 la domanda al centro del seminario che si terr\u00e0 ad Avezzano <strong>mercoled\u00ec 29 marzo ore 11:00 <\/strong>nella sala consiliare.<\/p>\n\n\n<div class=\"wp-block-image\">\n<figure class=\"alignright size-full\"><img loading=\"lazy\" decoding=\"async\" width=\"615\" height=\"304\" src=\"https:\/\/protezionecivile.regione.abruzzo.it:443\/agenzia\/wp-content\/uploads\/2023\/03\/seminario_29mar2023.jpg\" alt=\"\" class=\"wp-image-84384\" srcset=\"https:\/\/protezionecivile.regione.abruzzo.it:443\/agenzia\/wp-content\/uploads\/2023\/03\/seminario_29mar2023.jpg 615w, https:\/\/protezionecivile.regione.abruzzo.it:443\/agenzia\/wp-content\/uploads\/2023\/03\/seminario_29mar2023-300x148.jpg 300w\" sizes=\"auto, (max-width: 615px) 100vw, 615px\" \/><\/figure><\/div>\n\n\n<p>L\u2019appuntamento formativo \u00e8 aperto alla partecipazione di amministratori, comunicatori, giornalisti, volontari della protezione civile, studenti universitari.<\/p>\n\n\n\n<p>L\u2019iniziativa \u00e8 stata annunciata nel recente incontro organizzato nel capoluogo marsicano, dall\u2019Anci e dall\u2019Agenzia Regionale di Protezione Civile della Regione Abruzzo, in vista dell\u2019adeguamento dei piani di emergenza comunali. In quell\u2019occasione gli amministratori hanno rappresentato la volont\u00e0 di approfondire una tematica delicata e resa ancor pi\u00f9 scivolosa dalla pervasivit\u00e0 del web.<\/p>\n\n\n\n<p>Sono proprio l\u2019Agenzia e il comune di Avezzano ad aver patrocinato il seminario del 29, pensato per affrontare il complesso rapporto tra crisi e social, alla luce delle tendenze pi\u00f9 recenti ma anche per raccontare applicazioni pratiche dei migliori principi di gestione della comunicazione in situazione di crisi o di emergenza, grazie alla partecipazione di illustri relatori.<\/p>\n\n\n\n<p>Si consiglia la prenotazione tramite mail all\u2019indirizzo <a href=\"mailto:comunicazione@comune.avezzano.aq.it\">comunicazione@comune.avezzano.aq.it<\/a><\/p>\n\n\n\n<p><a href=\"https:\/\/protezionecivile.regione.abruzzo.it:443\/agenzia\/wp-content\/uploads\/2023\/03\/Comunicazione-di-Crisi-.jpg\" target=\"_blank\" rel=\"noreferrer noopener\">Scarica la Locandina<\/a><\/p>\n\n\n\n<p><a href=\"https:\/\/protezionecivile.regione.abruzzo.it:443\/agenzia\/wp-content\/uploads\/2023\/03\/Comunicazione-di-crisi-e-social-media.pdf\" target=\"_blank\" rel=\"noreferrer noopener\">Comunicato stampa<\/a><\/p>\n\n\n\n<p><\/p>\n\n\n\n<p><\/p>\n\n\n\n<p><\/p>\n\n\n\n<p class=\"has-text-align-left\"><\/p>\n\n\n\n<p><\/p>\n\n\n\n<p><\/p>\n\n\n\n<p><\/p>\n\n\n\n<p><\/p>\n\n\n\n<p><\/p>\n\n\n\n<p class=\"has-text-align-center\"><\/p>\n ","protected":false},"excerpt":{"rendered":"<p> Come mantenere saldo il timone della comunicazione nel ben mezzo di una crisi? \u00c8 la domanda al centro del seminario che si terr\u00e0 ad Avezzano mercoled\u00ec 29 marzo ore 11:00 [&hellip;] <\/p>\n","protected":false},"author":5,"featured_media":84384,"comment_status":"closed","ping_status":"closed","sticky":false,"template":"","format":"standard","meta":{"footnotes":"","_expiration-date-status":"","_expiration-date":0,"_expiration-date-type":"","_expiration-date-categories":[],"_expiration-date-options":[]},"categories":[400],"tags":[642],"class_list":["post-84383","post","type-post","status-publish","format-standard","has-post-thumbnail","hentry","category-notizie","tag-home-page"],"acf":[],"yoast_head":"<!-- This site is optimized with the Yoast SEO plugin v19.9 - https:\/\/yoast.com\/wordpress\/plugins\/seo\/ -->\n<title>[ Aperta la selezione dei formatori Io non rischio<\/title>\n<meta name=\"description\" content=\"Agenzia di Protezione Civile Regione Abruzzo. Aperta la selezione dei formatori Io non rischio\" \/>\n<meta name=\"robots\" content=\"index, follow, max-snippet:-1, max-image-preview:large, max-video-preview:-1\" \/>\n<link rel=\"canonical\" href=\"https:\/\/protezionecivile.regione.abruzzo.it:443\/agenzia\/comunicazione-di-crisi-gli-esperti-si-confrontano-ad-avezzano-sui-rischi-e-sulle-opportunita-del-web\/\" \/>\n<meta property=\"og:locale\" content=\"it_IT\" \/>\n<meta property=\"og:type\" content=\"article\" \/>\n<meta property=\"og:title\" content=\"[ Aperta la selezione dei formatori Io non rischio\" \/>\n<meta property=\"og:description\" content=\"Agenzia di Protezione Civile Regione Abruzzo. Aperta la selezione dei formatori Io non rischio\" \/>\n<meta property=\"og:url\" content=\"https:\/\/protezionecivile.regione.abruzzo.it:443\/agenzia\/comunicazione-di-crisi-gli-esperti-si-confrontano-ad-avezzano-sui-rischi-e-sulle-opportunita-del-web\/\" \/>\n<meta property=\"og:site_name\" content=\"[ APC Regione Abruzzo\" \/>\n<meta property=\"article:published_time\" content=\"2023-03-21T12:09:43+00:00\" \/>\n<meta property=\"article:modified_time\" content=\"2023-03-21T12:23:35+00:00\" \/>\n<meta property=\"og:image\" content=\"https:\/\/protezionecivile.regione.abruzzo.it:443\/agenzia\/wp-content\/uploads\/2023\/03\/seminario_29mar2023.jpg\" \/>\n\t<meta property=\"og:image:width\" content=\"615\" \/>\n\t<meta property=\"og:image:height\" content=\"304\" \/>\n\t<meta property=\"og:image:type\" content=\"image\/jpeg\" \/>\n<meta name=\"author\" content=\"Smeralda\" \/>\n<meta name=\"twitter:card\" content=\"summary_large_image\" \/>\n<meta name=\"twitter:label1\" content=\"Scritto da\" \/>\n\t<meta name=\"twitter:data1\" content=\"Smeralda\" \/>\n\t<meta name=\"twitter:label2\" content=\"Tempo di lettura stimato\" \/>\n\t<meta name=\"twitter:data2\" content=\"2 minuti\" \/>\n<script type=\"application\/ld+json\" class=\"yoast-schema-graph\">{\"@context\":\"https:\/\/schema.org\",\"@graph\":[{\"@type\":\"WebPage\",\"@id\":\"https:\/\/protezionecivile.regione.abruzzo.it:443\/agenzia\/comunicazione-di-crisi-gli-esperti-si-confrontano-ad-avezzano-sui-rischi-e-sulle-opportunita-del-web\/\",\"url\":\"https:\/\/protezionecivile.regione.abruzzo.it:443\/agenzia\/comunicazione-di-crisi-gli-esperti-si-confrontano-ad-avezzano-sui-rischi-e-sulle-opportunita-del-web\/\",\"name\":\"[ Aperta la selezione dei formatori Io non rischio\",\"isPartOf\":{\"@id\":\"https:\/\/protezionecivile.regione.abruzzo.it:443\/agenzia\/#website\"},\"datePublished\":\"2023-03-21T12:09:43+00:00\",\"dateModified\":\"2023-03-21T12:23:35+00:00\",\"author\":{\"@id\":\"https:\/\/protezionecivile.regione.abruzzo.it:443\/agenzia\/#\/schema\/person\/3d92f8343df40c95b1029cd4917d619a\"},\"description\":\"Agenzia di Protezione Civile Regione Abruzzo. Aperta la selezione dei formatori Io non rischio\",\"breadcrumb\":{\"@id\":\"https:\/\/protezionecivile.regione.abruzzo.it:443\/agenzia\/comunicazione-di-crisi-gli-esperti-si-confrontano-ad-avezzano-sui-rischi-e-sulle-opportunita-del-web\/#breadcrumb\"},\"inLanguage\":\"it-IT\",\"potentialAction\":[{\"@type\":\"ReadAction\",\"target\":[\"https:\/\/protezionecivile.regione.abruzzo.it:443\/agenzia\/comunicazione-di-crisi-gli-esperti-si-confrontano-ad-avezzano-sui-rischi-e-sulle-opportunita-del-web\/\"]}]},{\"@type\":\"BreadcrumbList\",\"@id\":\"https:\/\/protezionecivile.regione.abruzzo.it:443\/agenzia\/comunicazione-di-crisi-gli-esperti-si-confrontano-ad-avezzano-sui-rischi-e-sulle-opportunita-del-web\/#breadcrumb\",\"itemListElement\":[{\"@type\":\"ListItem\",\"position\":1,\"name\":\"Home\",\"item\":\"https:\/\/protezionecivile.regione.abruzzo.it:443\/agenzia\/\"},{\"@type\":\"ListItem\",\"position\":2,\"name\":\"Comunicazione di crisi: gli esperti si confrontano ad Avezzano sui rischi e sulle opportunit\u00e0 del web\"}]},{\"@type\":\"WebSite\",\"@id\":\"https:\/\/protezionecivile.regione.abruzzo.it:443\/agenzia\/#website\",\"url\":\"https:\/\/protezionecivile.regione.abruzzo.it:443\/agenzia\/\",\"name\":\"[ APC Regione Abruzzo\",\"description\":\"[ Agenzia Protezione Civile Regione Abruzzo\",\"potentialAction\":[{\"@type\":\"SearchAction\",\"target\":{\"@type\":\"EntryPoint\",\"urlTemplate\":\"https:\/\/protezionecivile.regione.abruzzo.it:443\/agenzia\/?s={search_term_string}\"},\"query-input\":\"required name=search_term_string\"}],\"inLanguage\":\"it-IT\"},{\"@type\":\"Person\",\"@id\":\"https:\/\/protezionecivile.regione.abruzzo.it:443\/agenzia\/#\/schema\/person\/3d92f8343df40c95b1029cd4917d619a\",\"name\":\"Smeralda\",\"image\":{\"@type\":\"ImageObject\",\"inLanguage\":\"it-IT\",\"@id\":\"https:\/\/protezionecivile.regione.abruzzo.it:443\/agenzia\/#\/schema\/person\/image\/\",\"url\":\"https:\/\/secure.gravatar.com\/avatar\/2bdac7df5268b68f58002c6b925ad921921f64a4e37ef0cf2d3d8f26ddbbf689?s=96&d=mm&r=g\",\"contentUrl\":\"https:\/\/secure.gravatar.com\/avatar\/2bdac7df5268b68f58002c6b925ad921921f64a4e37ef0cf2d3d8f26ddbbf689?s=96&d=mm&r=g\",\"caption\":\"Smeralda\"}}]}<\/script>\n<!-- \/ Yoast SEO plugin. -->","yoast_head_json":{"title":"[ Aperta la selezione dei formatori Io non rischio","description":"Agenzia di Protezione Civile Regione Abruzzo. Aperta la selezione dei formatori Io non rischio","robots":{"index":"index","follow":"follow","max-snippet":"max-snippet:-1","max-image-preview":"max-image-preview:large","max-video-preview":"max-video-preview:-1"},"canonical":"https:\/\/protezionecivile.regione.abruzzo.it:443\/agenzia\/comunicazione-di-crisi-gli-esperti-si-confrontano-ad-avezzano-sui-rischi-e-sulle-opportunita-del-web\/","og_locale":"it_IT","og_type":"article","og_title":"[ Aperta la selezione dei formatori Io non rischio","og_description":"Agenzia di Protezione Civile Regione Abruzzo. Aperta la selezione dei formatori Io non rischio","og_url":"https:\/\/protezionecivile.regione.abruzzo.it:443\/agenzia\/comunicazione-di-crisi-gli-esperti-si-confrontano-ad-avezzano-sui-rischi-e-sulle-opportunita-del-web\/","og_site_name":"[ APC Regione Abruzzo","article_published_time":"2023-03-21T12:09:43+00:00","article_modified_time":"2023-03-21T12:23:35+00:00","og_image":[{"width":615,"height":304,"url":"https:\/\/protezionecivile.regione.abruzzo.it:443\/agenzia\/wp-content\/uploads\/2023\/03\/seminario_29mar2023.jpg","type":"image\/jpeg"}],"author":"Smeralda","twitter_card":"summary_large_image","twitter_misc":{"Scritto da":"Smeralda","Tempo di lettura stimato":"2 minuti"},"schema":{"@context":"https:\/\/schema.org","@graph":[{"@type":"WebPage","@id":"https:\/\/protezionecivile.regione.abruzzo.it:443\/agenzia\/comunicazione-di-crisi-gli-esperti-si-confrontano-ad-avezzano-sui-rischi-e-sulle-opportunita-del-web\/","url":"https:\/\/protezionecivile.regione.abruzzo.it:443\/agenzia\/comunicazione-di-crisi-gli-esperti-si-confrontano-ad-avezzano-sui-rischi-e-sulle-opportunita-del-web\/","name":"[ Aperta la selezione dei formatori Io non rischio","isPartOf":{"@id":"https:\/\/protezionecivile.regione.abruzzo.it:443\/agenzia\/#website"},"datePublished":"2023-03-21T12:09:43+00:00","dateModified":"2023-03-21T12:23:35+00:00","author":{"@id":"https:\/\/protezionecivile.regione.abruzzo.it:443\/agenzia\/#\/schema\/person\/3d92f8343df40c95b1029cd4917d619a"},"description":"Agenzia di Protezione Civile Regione Abruzzo. Aperta la selezione dei formatori Io non rischio","breadcrumb":{"@id":"https:\/\/protezionecivile.regione.abruzzo.it:443\/agenzia\/comunicazione-di-crisi-gli-esperti-si-confrontano-ad-avezzano-sui-rischi-e-sulle-opportunita-del-web\/#breadcrumb"},"inLanguage":"it-IT","potentialAction":[{"@type":"ReadAction","target":["https:\/\/protezionecivile.regione.abruzzo.it:443\/agenzia\/comunicazione-di-crisi-gli-esperti-si-confrontano-ad-avezzano-sui-rischi-e-sulle-opportunita-del-web\/"]}]},{"@type":"BreadcrumbList","@id":"https:\/\/protezionecivile.regione.abruzzo.it:443\/agenzia\/comunicazione-di-crisi-gli-esperti-si-confrontano-ad-avezzano-sui-rischi-e-sulle-opportunita-del-web\/#breadcrumb","itemListElement":[{"@type":"ListItem","position":1,"name":"Home","item":"https:\/\/protezionecivile.regione.abruzzo.it:443\/agenzia\/"},{"@type":"ListItem","position":2,"name":"Comunicazione di crisi: gli esperti si confrontano ad Avezzano sui rischi e sulle opportunit\u00e0 del web"}]},{"@type":"WebSite","@id":"https:\/\/protezionecivile.regione.abruzzo.it:443\/agenzia\/#website","url":"https:\/\/protezionecivile.regione.abruzzo.it:443\/agenzia\/","name":"[ APC Regione Abruzzo","description":"[ Agenzia Protezione Civile Regione Abruzzo","potentialAction":[{"@type":"SearchAction","target":{"@type":"EntryPoint","urlTemplate":"https:\/\/protezionecivile.regione.abruzzo.it:443\/agenzia\/?s={search_term_string}"},"query-input":"required name=search_term_string"}],"inLanguage":"it-IT"},{"@type":"Person","@id":"https:\/\/protezionecivile.regione.abruzzo.it:443\/agenzia\/#\/schema\/person\/3d92f8343df40c95b1029cd4917d619a","name":"Smeralda","image":{"@type":"ImageObject","inLanguage":"it-IT","@id":"https:\/\/protezionecivile.regione.abruzzo.it:443\/agenzia\/#\/schema\/person\/image\/","url":"https:\/\/secure.gravatar.com\/avatar\/2bdac7df5268b68f58002c6b925ad921921f64a4e37ef0cf2d3d8f26ddbbf689?s=96&d=mm&r=g","contentUrl":"https:\/\/secure.gravatar.com\/avatar\/2bdac7df5268b68f58002c6b925ad921921f64a4e37ef0cf2d3d8f26ddbbf689?s=96&d=mm&r=g","caption":"Smeralda"}}]}},"_links":{"self":[{"href":"https:\/\/protezionecivile.regione.abruzzo.it:443\/agenzia\/wp-json\/wp\/v2\/posts\/84383","targetHints":{"allow":["GET"]}}],"collection":[{"href":"https:\/\/protezionecivile.regione.abruzzo.it:443\/agenzia\/wp-json\/wp\/v2\/posts"}],"about":[{"href":"https:\/\/protezionecivile.regione.abruzzo.it:443\/agenzia\/wp-json\/wp\/v2\/types\/post"}],"author":[{"embeddable":true,"href":"https:\/\/protezionecivile.regione.abruzzo.it:443\/agenzia\/wp-json\/wp\/v2\/users\/5"}],"replies":[{"embeddable":true,"href":"https:\/\/protezionecivile.regione.abruzzo.it:443\/agenzia\/wp-json\/wp\/v2\/comments?post=84383"}],"version-history":[{"count":5,"href":"https:\/\/protezionecivile.regione.abruzzo.it:443\/agenzia\/wp-json\/wp\/v2\/posts\/84383\/revisions"}],"predecessor-version":[{"id":84658,"href":"https:\/\/protezionecivile.regione.abruzzo.it:443\/agenzia\/wp-json\/wp\/v2\/posts\/84383\/revisions\/84658"}],"wp:featuredmedia":[{"embeddable":true,"href":"https:\/\/protezionecivile.regione.abruzzo.it:443\/agenzia\/wp-json\/wp\/v2\/media\/84384"}],"wp:attachment":[{"href":"https:\/\/protezionecivile.regione.abruzzo.it:443\/agenzia\/wp-json\/wp\/v2\/media?parent=84383"}],"wp:term":[{"taxonomy":"category","embeddable":true,"href":"https:\/\/protezionecivile.regione.abruzzo.it:443\/agenzia\/wp-json\/wp\/v2\/categories?post=84383"},{"taxonomy":"post_tag","embeddable":true,"href":"https:\/\/protezionecivile.regione.abruzzo.it:443\/agenzia\/wp-json\/wp\/v2\/tags?post=84383"}],"curies":[{"name":"wp","href":"https:\/\/api.w.org\/{rel}","templated":true}]}}