{"id":84744,"date":"2023-04-14T16:33:48","date_gmt":"2023-04-14T14:33:48","guid":{"rendered":"https:\/\/protezionecivile.regione.abruzzo.it:443\/agenzia\/?p=84744"},"modified":"2023-05-12T09:55:08","modified_gmt":"2023-05-12T07:55:08","slug":"numero-unico-di-emergenza-nue-uno-uno-due-il-presidente-della-regione-abruzzo-e-il-ministro-dellinterno-sottoscrivono-il-protocollo","status":"publish","type":"post","link":"https:\/\/protezionecivile.regione.abruzzo.it:443\/agenzia\/numero-unico-di-emergenza-nue-uno-uno-due-il-presidente-della-regione-abruzzo-e-il-ministro-dellinterno-sottoscrivono-il-protocollo\/","title":{"rendered":"Numero Unico di Emergenza (NUE) uno-uno-due: il Presidente della Regione Abruzzo e il Ministro dell\u2019Interno  sottoscrivono il protocollo"},"content":{"rendered":" \n<figure class=\"wp-block-image size-large\"><img loading=\"lazy\" decoding=\"async\" width=\"1024\" height=\"682\" src=\"https:\/\/protezionecivile.regione.abruzzo.it:443\/agenzia\/wp-content\/uploads\/2023\/04\/Firma_Prot_Intesa_NUE112-1-1024x682.jpeg\" alt=\"\" class=\"wp-image-84748\" srcset=\"https:\/\/protezionecivile.regione.abruzzo.it:443\/agenzia\/wp-content\/uploads\/2023\/04\/Firma_Prot_Intesa_NUE112-1-1024x682.jpeg 1024w, https:\/\/protezionecivile.regione.abruzzo.it:443\/agenzia\/wp-content\/uploads\/2023\/04\/Firma_Prot_Intesa_NUE112-1-300x200.jpeg 300w, https:\/\/protezionecivile.regione.abruzzo.it:443\/agenzia\/wp-content\/uploads\/2023\/04\/Firma_Prot_Intesa_NUE112-1-768x512.jpeg 768w, https:\/\/protezionecivile.regione.abruzzo.it:443\/agenzia\/wp-content\/uploads\/2023\/04\/Firma_Prot_Intesa_NUE112-1-1536x1023.jpeg 1536w, https:\/\/protezionecivile.regione.abruzzo.it:443\/agenzia\/wp-content\/uploads\/2023\/04\/Firma_Prot_Intesa_NUE112-1-1500x1000.jpeg 1500w, https:\/\/protezionecivile.regione.abruzzo.it:443\/agenzia\/wp-content\/uploads\/2023\/04\/Firma_Prot_Intesa_NUE112-1.jpeg 1600w\" sizes=\"auto, (max-width: 1024px) 100vw, 1024px\" \/><\/figure>\n\n\n\n<p><em>L&#8217;Aquila, 14.04.2023<\/em><\/p>\n\n\n\n<p>Un protocollo per la gestione del nuovo servizio di emergenza 1-1-2 \u00e8 stato firmato questa mattina nella Prefettura dell\u2019Aquila dal presidente della Regione Abruzzo  e dal Ministro dell\u2019Interno, alla presenza del Prefetto .<br>Presenti alla cerimonia, tra gli altri, il sindaco dell\u2019Aquila, il Capo della Polizia, il direttore dell\u2019Agenzia Regionale di Protezione Civile, i prefetti di Pescara, Teramo e Chieti, i responsabili delle quattro Questure abruzzesi, il direttore regionale dei Vigili del Fuoco con i quattro comandanti provinciali, il Comandante della Legione Carabinieri Abruzzo-Molise, il Direttore Marittimo del Corpo delle Capitanerie di porto \u2013 Guardia Costiera, oltre ai vertici regionali e provinciali della Guardia di Finanza.<br>Il nuovo numero di emergenza 1-1-2, che sar\u00e0 operativo a partire dal 2024, 24 ore su 24, avr\u00e0 sede all\u2019Aquila negli uffici della Protezione Civile regionale e si avvarr\u00e0 della collaborazione di 40 operatori appositamente selezionati e formati.<br>Ammonta a 4 milioni di euro il costo stimato per la realizzazione della centrale, mentre, a regime, il costo annuale stimato per la gestione sar\u00e0 di 3,5 milioni di cui 1,3 di provenienza statale e la rimanente parte a carico del bilancio regionale.<br>\u201c<em>Con l\u2019attivazione dell\u20191-1-2<\/em>\u201d, dice il Presidente della Regione Abruzzo, \u201c<em>porteremo l\u2019Abruzzo tra le regioni di eccellenza relativamente alla gestione della sicurezza, delle emergenze e dell\u2019innovazione tecnologica, mettendo a disposizione dei cittadini un servizio fondamentale di altissima qualit\u00e0 capace di fornire una risposta rapida ed efficace pi\u00f9 di quanto non accade oggi con i diversi numeri di soccorso e di emergenza che siamo abituati a chiamare<\/em>\u201d.<br>Il Numero di emergenza unico europeo uno-uno-due \u00e8 il numero di telefono per chiamare i servizi di emergenza in tutti gli Stati dell\u2019Unione Europea e per richiedere interventi urgenti delle Forze di Polizia, dei Vigili del Fuoco, dell&#8217;assistenza sanitaria, dell&#8217;assistenza in mare.<br>Il numero di emergenza Unico Europeo 1-1-2, potr\u00e0 essere attivato gratuitamente da rete fissa o mobile anche quando il telefono non ha la SIM, oppure \u00e8 bloccato o non ha credito telefonico.<br>Attualmente in Italia il servizio 1-1-2 \u00e8 attivo in Friuli Venezia Giulia, Lazio, Liguria, Lombardia, Marche, Piemonte, Sicilia, Toscana, Umbria, Valle d&#8217;Aosta e nelle Province Autonome di Trento e Bolzano.<br>Il modello organizzativo prevede una Centrale unica di risposta nella quale verranno convogliate le linee 112, 113, 115, 118 e 1530. All\u2019interno della Centrale gli operatori, formati per gestire la prima risposta alla chiamata, smisteranno le telefonate agli Enti responsabili della gestione delle emergenze (Polizia di Stato, Arma dei Carabinieri, Vigili del Fuoco, Soccorso sanitario o Guardia Costiera).<br>Il numero 1-1-2 sar\u00e0 fruibile anche tramite apposita applicazione dedicata agli smartphone che consentir\u00e0 all\u2019utente, anche non udente, di effettuare una chiamata di emergenza con l\u2019invio automatico all\u2019operatore dei dati relativi alla localizzazione del chiamante ricavati dal sistema di posizionamento GPS del telefono.<\/p>\n\n\n\n<p><\/p>\n\n\n\n<p class=\"has-text-align-left\"><\/p>\n\n\n\n<p><\/p>\n\n\n\n<p><\/p>\n\n\n\n<p><\/p>\n\n\n\n<p><\/p>\n\n\n\n<p><\/p>\n\n\n\n<p class=\"has-text-align-center\"><\/p>\n ","protected":false},"excerpt":{"rendered":"<p> L&#8217;Aquila, 14.04.2023 Un protocollo per la gestione del nuovo servizio di emergenza 1-1-2 \u00e8 stato firmato questa mattina nella Prefettura dell\u2019Aquila dal presidente della Regione Abruzzo e dal Ministro dell\u2019Interno, [&hellip;] <\/p>\n","protected":false},"author":5,"featured_media":84748,"comment_status":"closed","ping_status":"closed","sticky":false,"template":"","format":"standard","meta":{"footnotes":"","_expiration-date-status":"","_expiration-date":1683878041,"_expiration-date-type":"draft","_expiration-date-categories":[],"_expiration-date-options":[]},"categories":[400],"tags":[642],"class_list":["post-84744","post","type-post","status-publish","format-standard","has-post-thumbnail","hentry","category-notizie","tag-home-page"],"acf":[],"yoast_head":"<!-- This site is optimized with the Yoast SEO plugin v19.9 - https:\/\/yoast.com\/wordpress\/plugins\/seo\/ -->\n<title>[ Aperta la selezione dei formatori Io non rischio<\/title>\n<meta name=\"description\" content=\"Agenzia di Protezione Civile Regione Abruzzo. Aperta la selezione dei formatori Io non rischio\" \/>\n<meta name=\"robots\" content=\"index, follow, max-snippet:-1, max-image-preview:large, max-video-preview:-1\" \/>\n<link rel=\"canonical\" href=\"https:\/\/protezionecivile.regione.abruzzo.it:443\/agenzia\/numero-unico-di-emergenza-nue-uno-uno-due-il-presidente-della-regione-abruzzo-e-il-ministro-dellinterno-sottoscrivono-il-protocollo\/\" \/>\n<meta property=\"og:locale\" content=\"it_IT\" \/>\n<meta property=\"og:type\" content=\"article\" \/>\n<meta property=\"og:title\" content=\"[ Aperta la selezione dei formatori Io non rischio\" \/>\n<meta property=\"og:description\" content=\"Agenzia di Protezione Civile Regione Abruzzo. Aperta la selezione dei formatori Io non rischio\" \/>\n<meta property=\"og:url\" content=\"https:\/\/protezionecivile.regione.abruzzo.it:443\/agenzia\/numero-unico-di-emergenza-nue-uno-uno-due-il-presidente-della-regione-abruzzo-e-il-ministro-dellinterno-sottoscrivono-il-protocollo\/\" \/>\n<meta property=\"og:site_name\" content=\"[ APC Regione Abruzzo\" \/>\n<meta property=\"article:published_time\" content=\"2023-04-14T14:33:48+00:00\" \/>\n<meta property=\"article:modified_time\" content=\"2023-05-12T07:55:08+00:00\" \/>\n<meta property=\"og:image\" content=\"https:\/\/protezionecivile.regione.abruzzo.it:443\/agenzia\/wp-content\/uploads\/2023\/04\/Firma_Prot_Intesa_NUE112-1.jpeg\" \/>\n\t<meta property=\"og:image:width\" content=\"1600\" \/>\n\t<meta property=\"og:image:height\" content=\"1066\" \/>\n\t<meta property=\"og:image:type\" content=\"image\/jpeg\" \/>\n<meta name=\"author\" content=\"Smeralda\" \/>\n<meta name=\"twitter:card\" content=\"summary_large_image\" \/>\n<meta name=\"twitter:label1\" content=\"Scritto da\" \/>\n\t<meta name=\"twitter:data1\" content=\"Smeralda\" \/>\n\t<meta name=\"twitter:label2\" content=\"Tempo di lettura stimato\" \/>\n\t<meta name=\"twitter:data2\" content=\"2 minuti\" \/>\n<script type=\"application\/ld+json\" class=\"yoast-schema-graph\">{\"@context\":\"https:\/\/schema.org\",\"@graph\":[{\"@type\":\"WebPage\",\"@id\":\"https:\/\/protezionecivile.regione.abruzzo.it:443\/agenzia\/numero-unico-di-emergenza-nue-uno-uno-due-il-presidente-della-regione-abruzzo-e-il-ministro-dellinterno-sottoscrivono-il-protocollo\/\",\"url\":\"https:\/\/protezionecivile.regione.abruzzo.it:443\/agenzia\/numero-unico-di-emergenza-nue-uno-uno-due-il-presidente-della-regione-abruzzo-e-il-ministro-dellinterno-sottoscrivono-il-protocollo\/\",\"name\":\"[ Aperta la selezione dei formatori Io non rischio\",\"isPartOf\":{\"@id\":\"https:\/\/protezionecivile.regione.abruzzo.it:443\/agenzia\/#website\"},\"datePublished\":\"2023-04-14T14:33:48+00:00\",\"dateModified\":\"2023-05-12T07:55:08+00:00\",\"author\":{\"@id\":\"https:\/\/protezionecivile.regione.abruzzo.it:443\/agenzia\/#\/schema\/person\/3d92f8343df40c95b1029cd4917d619a\"},\"description\":\"Agenzia di Protezione Civile Regione Abruzzo. Aperta la selezione dei formatori Io non rischio\",\"breadcrumb\":{\"@id\":\"https:\/\/protezionecivile.regione.abruzzo.it:443\/agenzia\/numero-unico-di-emergenza-nue-uno-uno-due-il-presidente-della-regione-abruzzo-e-il-ministro-dellinterno-sottoscrivono-il-protocollo\/#breadcrumb\"},\"inLanguage\":\"it-IT\",\"potentialAction\":[{\"@type\":\"ReadAction\",\"target\":[\"https:\/\/protezionecivile.regione.abruzzo.it:443\/agenzia\/numero-unico-di-emergenza-nue-uno-uno-due-il-presidente-della-regione-abruzzo-e-il-ministro-dellinterno-sottoscrivono-il-protocollo\/\"]}]},{\"@type\":\"BreadcrumbList\",\"@id\":\"https:\/\/protezionecivile.regione.abruzzo.it:443\/agenzia\/numero-unico-di-emergenza-nue-uno-uno-due-il-presidente-della-regione-abruzzo-e-il-ministro-dellinterno-sottoscrivono-il-protocollo\/#breadcrumb\",\"itemListElement\":[{\"@type\":\"ListItem\",\"position\":1,\"name\":\"Home\",\"item\":\"https:\/\/protezionecivile.regione.abruzzo.it:443\/agenzia\/\"},{\"@type\":\"ListItem\",\"position\":2,\"name\":\"Numero Unico di Emergenza (NUE) uno-uno-due: il Presidente della Regione Abruzzo e il Ministro dell\u2019Interno sottoscrivono il protocollo\"}]},{\"@type\":\"WebSite\",\"@id\":\"https:\/\/protezionecivile.regione.abruzzo.it:443\/agenzia\/#website\",\"url\":\"https:\/\/protezionecivile.regione.abruzzo.it:443\/agenzia\/\",\"name\":\"[ APC Regione Abruzzo\",\"description\":\"[ Agenzia Protezione Civile Regione Abruzzo\",\"potentialAction\":[{\"@type\":\"SearchAction\",\"target\":{\"@type\":\"EntryPoint\",\"urlTemplate\":\"https:\/\/protezionecivile.regione.abruzzo.it:443\/agenzia\/?s={search_term_string}\"},\"query-input\":\"required name=search_term_string\"}],\"inLanguage\":\"it-IT\"},{\"@type\":\"Person\",\"@id\":\"https:\/\/protezionecivile.regione.abruzzo.it:443\/agenzia\/#\/schema\/person\/3d92f8343df40c95b1029cd4917d619a\",\"name\":\"Smeralda\",\"image\":{\"@type\":\"ImageObject\",\"inLanguage\":\"it-IT\",\"@id\":\"https:\/\/protezionecivile.regione.abruzzo.it:443\/agenzia\/#\/schema\/person\/image\/\",\"url\":\"https:\/\/secure.gravatar.com\/avatar\/2bdac7df5268b68f58002c6b925ad921921f64a4e37ef0cf2d3d8f26ddbbf689?s=96&d=mm&r=g\",\"contentUrl\":\"https:\/\/secure.gravatar.com\/avatar\/2bdac7df5268b68f58002c6b925ad921921f64a4e37ef0cf2d3d8f26ddbbf689?s=96&d=mm&r=g\",\"caption\":\"Smeralda\"}}]}<\/script>\n<!-- \/ Yoast SEO plugin. -->","yoast_head_json":{"title":"[ Aperta la selezione dei formatori Io non rischio","description":"Agenzia di Protezione Civile Regione Abruzzo. Aperta la selezione dei formatori Io non rischio","robots":{"index":"index","follow":"follow","max-snippet":"max-snippet:-1","max-image-preview":"max-image-preview:large","max-video-preview":"max-video-preview:-1"},"canonical":"https:\/\/protezionecivile.regione.abruzzo.it:443\/agenzia\/numero-unico-di-emergenza-nue-uno-uno-due-il-presidente-della-regione-abruzzo-e-il-ministro-dellinterno-sottoscrivono-il-protocollo\/","og_locale":"it_IT","og_type":"article","og_title":"[ Aperta la selezione dei formatori Io non rischio","og_description":"Agenzia di Protezione Civile Regione Abruzzo. Aperta la selezione dei formatori Io non rischio","og_url":"https:\/\/protezionecivile.regione.abruzzo.it:443\/agenzia\/numero-unico-di-emergenza-nue-uno-uno-due-il-presidente-della-regione-abruzzo-e-il-ministro-dellinterno-sottoscrivono-il-protocollo\/","og_site_name":"[ APC Regione Abruzzo","article_published_time":"2023-04-14T14:33:48+00:00","article_modified_time":"2023-05-12T07:55:08+00:00","og_image":[{"width":1600,"height":1066,"url":"https:\/\/protezionecivile.regione.abruzzo.it:443\/agenzia\/wp-content\/uploads\/2023\/04\/Firma_Prot_Intesa_NUE112-1.jpeg","type":"image\/jpeg"}],"author":"Smeralda","twitter_card":"summary_large_image","twitter_misc":{"Scritto da":"Smeralda","Tempo di lettura stimato":"2 minuti"},"schema":{"@context":"https:\/\/schema.org","@graph":[{"@type":"WebPage","@id":"https:\/\/protezionecivile.regione.abruzzo.it:443\/agenzia\/numero-unico-di-emergenza-nue-uno-uno-due-il-presidente-della-regione-abruzzo-e-il-ministro-dellinterno-sottoscrivono-il-protocollo\/","url":"https:\/\/protezionecivile.regione.abruzzo.it:443\/agenzia\/numero-unico-di-emergenza-nue-uno-uno-due-il-presidente-della-regione-abruzzo-e-il-ministro-dellinterno-sottoscrivono-il-protocollo\/","name":"[ Aperta la selezione dei formatori Io non rischio","isPartOf":{"@id":"https:\/\/protezionecivile.regione.abruzzo.it:443\/agenzia\/#website"},"datePublished":"2023-04-14T14:33:48+00:00","dateModified":"2023-05-12T07:55:08+00:00","author":{"@id":"https:\/\/protezionecivile.regione.abruzzo.it:443\/agenzia\/#\/schema\/person\/3d92f8343df40c95b1029cd4917d619a"},"description":"Agenzia di Protezione Civile Regione Abruzzo. Aperta la selezione dei formatori Io non rischio","breadcrumb":{"@id":"https:\/\/protezionecivile.regione.abruzzo.it:443\/agenzia\/numero-unico-di-emergenza-nue-uno-uno-due-il-presidente-della-regione-abruzzo-e-il-ministro-dellinterno-sottoscrivono-il-protocollo\/#breadcrumb"},"inLanguage":"it-IT","potentialAction":[{"@type":"ReadAction","target":["https:\/\/protezionecivile.regione.abruzzo.it:443\/agenzia\/numero-unico-di-emergenza-nue-uno-uno-due-il-presidente-della-regione-abruzzo-e-il-ministro-dellinterno-sottoscrivono-il-protocollo\/"]}]},{"@type":"BreadcrumbList","@id":"https:\/\/protezionecivile.regione.abruzzo.it:443\/agenzia\/numero-unico-di-emergenza-nue-uno-uno-due-il-presidente-della-regione-abruzzo-e-il-ministro-dellinterno-sottoscrivono-il-protocollo\/#breadcrumb","itemListElement":[{"@type":"ListItem","position":1,"name":"Home","item":"https:\/\/protezionecivile.regione.abruzzo.it:443\/agenzia\/"},{"@type":"ListItem","position":2,"name":"Numero Unico di Emergenza (NUE) uno-uno-due: il Presidente della Regione Abruzzo e il Ministro dell\u2019Interno sottoscrivono il protocollo"}]},{"@type":"WebSite","@id":"https:\/\/protezionecivile.regione.abruzzo.it:443\/agenzia\/#website","url":"https:\/\/protezionecivile.regione.abruzzo.it:443\/agenzia\/","name":"[ APC Regione Abruzzo","description":"[ Agenzia Protezione Civile Regione Abruzzo","potentialAction":[{"@type":"SearchAction","target":{"@type":"EntryPoint","urlTemplate":"https:\/\/protezionecivile.regione.abruzzo.it:443\/agenzia\/?s={search_term_string}"},"query-input":"required name=search_term_string"}],"inLanguage":"it-IT"},{"@type":"Person","@id":"https:\/\/protezionecivile.regione.abruzzo.it:443\/agenzia\/#\/schema\/person\/3d92f8343df40c95b1029cd4917d619a","name":"Smeralda","image":{"@type":"ImageObject","inLanguage":"it-IT","@id":"https:\/\/protezionecivile.regione.abruzzo.it:443\/agenzia\/#\/schema\/person\/image\/","url":"https:\/\/secure.gravatar.com\/avatar\/2bdac7df5268b68f58002c6b925ad921921f64a4e37ef0cf2d3d8f26ddbbf689?s=96&d=mm&r=g","contentUrl":"https:\/\/secure.gravatar.com\/avatar\/2bdac7df5268b68f58002c6b925ad921921f64a4e37ef0cf2d3d8f26ddbbf689?s=96&d=mm&r=g","caption":"Smeralda"}}]}},"_links":{"self":[{"href":"https:\/\/protezionecivile.regione.abruzzo.it:443\/agenzia\/wp-json\/wp\/v2\/posts\/84744","targetHints":{"allow":["GET"]}}],"collection":[{"href":"https:\/\/protezionecivile.regione.abruzzo.it:443\/agenzia\/wp-json\/wp\/v2\/posts"}],"about":[{"href":"https:\/\/protezionecivile.regione.abruzzo.it:443\/agenzia\/wp-json\/wp\/v2\/types\/post"}],"author":[{"embeddable":true,"href":"https:\/\/protezionecivile.regione.abruzzo.it:443\/agenzia\/wp-json\/wp\/v2\/users\/5"}],"replies":[{"embeddable":true,"href":"https:\/\/protezionecivile.regione.abruzzo.it:443\/agenzia\/wp-json\/wp\/v2\/comments?post=84744"}],"version-history":[{"count":4,"href":"https:\/\/protezionecivile.regione.abruzzo.it:443\/agenzia\/wp-json\/wp\/v2\/posts\/84744\/revisions"}],"predecessor-version":[{"id":85402,"href":"https:\/\/protezionecivile.regione.abruzzo.it:443\/agenzia\/wp-json\/wp\/v2\/posts\/84744\/revisions\/85402"}],"wp:featuredmedia":[{"embeddable":true,"href":"https:\/\/protezionecivile.regione.abruzzo.it:443\/agenzia\/wp-json\/wp\/v2\/media\/84748"}],"wp:attachment":[{"href":"https:\/\/protezionecivile.regione.abruzzo.it:443\/agenzia\/wp-json\/wp\/v2\/media?parent=84744"}],"wp:term":[{"taxonomy":"category","embeddable":true,"href":"https:\/\/protezionecivile.regione.abruzzo.it:443\/agenzia\/wp-json\/wp\/v2\/categories?post=84744"},{"taxonomy":"post_tag","embeddable":true,"href":"https:\/\/protezionecivile.regione.abruzzo.it:443\/agenzia\/wp-json\/wp\/v2\/tags?post=84744"}],"curies":[{"name":"wp","href":"https:\/\/api.w.org\/{rel}","templated":true}]}}