{"id":86588,"date":"2023-10-05T09:09:21","date_gmt":"2023-10-05T07:09:21","guid":{"rendered":"https:\/\/protezionecivile.regione.abruzzo.it:443\/agenzia\/?p=86588"},"modified":"2023-10-05T09:25:20","modified_gmt":"2023-10-05T07:25:20","slug":"io-non-rischio-buone-pratiche-di-protezione-civile","status":"publish","type":"post","link":"https:\/\/protezionecivile.regione.abruzzo.it:443\/agenzia\/io-non-rischio-buone-pratiche-di-protezione-civile\/","title":{"rendered":"IO NON RISCHIO: BUONE PRATICHE DI PROTEZIONE CIVILE. Il 14 e il 15 ottobre migliaia di volontari nelle piazze italiane"},"content":{"rendered":" \n<p class=\"has-text-align-center\"><em><em><em><strong>Il 14 e il 15 ottobre migliaia di volontari nelle piazze italiane<\/strong><\/em><\/em><\/em><\/p>\n\n\n\n<figure class=\"wp-block-embed is-type-video is-provider-youtube wp-block-embed-youtube wp-embed-aspect-16-9 wp-has-aspect-ratio\"><div class=\"wp-block-embed__wrapper\">\n<iframe loading=\"lazy\" title=\"Io non rischio 2023 - Lo spot\" width=\"1150\" height=\"647\" src=\"https:\/\/www.youtube-nocookie.com\/embed\/4bWyjdayqlE?feature=oembed\" frameborder=\"0\" allow=\"accelerometer; autoplay; clipboard-write; encrypted-media; gyroscope; picture-in-picture; web-share\" allowfullscreen><\/iframe>\n<\/div><\/figure>\n\n\n\n<p><\/p>\n\n\n\n<p class=\"has-text-align-center\"><a href=\"https:\/\/iononrischio.protezionecivile.it\/\" target=\"_blank\" rel=\"noreferrer noopener\">https:\/\/iononrischio.protezionecivile.it<\/a><\/p>\n\n\n\n<p>Ridurre gli effetti dei rischi naturali \u00e8 possibile: per questo sabato 14 e domenica 15 ottobre tornano in pi\u00f9 di mille piazze italiane le giornate nazionali di \u201cIo non rischio \u2013 Buone pratiche di protezione civile\u201d, la campagna sulle azioni con cui ciascuno di noi pu\u00f2 contribuire a ridurre rischi come terremoto, alluvione, maremoto, rischio vulcanico e incendi boschivi.<\/p>\n\n\n\n<p>La due-giorni, che chiuder\u00e0 la Settimana Nazionale della Protezione Civile, porter\u00e0 migliaia di volontarie e volontari di protezione civile ad animare punti informativi in tutta Italia, dalle grandi citt\u00e0 alle isole minori, per diffondere quella cultura della prevenzione attraverso cui ciascuno pu\u00f2 fare la differenza nella sicurezza propria e di chi gli sta intorno.<\/p>\n\n\n\n<p>Io non rischio \u00e8 una campagna di comunicazione pubblica sulle buone pratiche di protezione civile basata sulla sinergia tra scienza, volontariato e istituzioni, che si rivolge a tutti, con messaggi chiari e riconoscibili, per trasformare la consapevolezza in azione, 365 giorni l\u2019anno. Io non rischio \u00e8 promossa dal Dipartimento della Protezione Civile con Anpas (Associazione Nazionale Pubbliche Assistenze), Ingv (Istituto Nazionale di Geofisica e Vulcanologia), Reluis (Rete dei Laboratori Universitari di Ingegneria Sismica), Fondazione Cima (Centro Internazionale in Monitoraggio Ambientale), Conferenza delle Regioni e delle Province autonome e ANCI, Associazione Nazionale Comuni Italiani.&nbsp;<\/p>\n\n\n\n<p>Sul sito ufficiale www.iononrischio.gov.it e sui profili social della Campagna (Facebook, Twitter e Instagram) \u00e8 possibile consultare materiali informativi, reperire informazioni utili e aggiornamenti sugli appuntamenti in programma. Roma, 19 settembre 2023.<\/p>\n\n\n<div class=\"wp-block-image\">\n<figure class=\"aligncenter size-full\"><a href=\"https:\/\/www.attimodecisivo.iononrischio.it\/it\/la-storia\/fumetto\/#flipbook-flipbok_example\/1\/\" target=\"_blank\" rel=\"noreferrer noopener\"><img loading=\"lazy\" decoding=\"async\" width=\"538\" height=\"796\" src=\"https:\/\/protezionecivile.regione.abruzzo.it:443\/agenzia\/wp-content\/uploads\/2023\/10\/fumetto-io-non-rischio.png\" alt=\"\" class=\"wp-image-86614\" srcset=\"https:\/\/protezionecivile.regione.abruzzo.it:443\/agenzia\/wp-content\/uploads\/2023\/10\/fumetto-io-non-rischio.png 538w, https:\/\/protezionecivile.regione.abruzzo.it:443\/agenzia\/wp-content\/uploads\/2023\/10\/fumetto-io-non-rischio-203x300.png 203w\" sizes=\"auto, (max-width: 538px) 100vw, 538px\" \/><\/a><\/figure><\/div>\n\n\n<p><\/p>\n\n\n\n<p class=\"has-text-align-center\"><a href=\"https:\/\/www.attimodecisivo.iononrischio.it\/it\/la-storia\/fumetto\/#flipbook-flipbok_example\/1\/\" target=\"_blank\" rel=\"noreferrer noopener\">Guarda il fumetto online &#8230; qui.<\/a><\/p>\n\n\n\n<p class=\"has-text-align-center\"><a href=\"https:\/\/www.iononrischio.gov.it\/it\/notizia\/online-il-kit-la-promozione-delle-giornate-nazionali\/\" target=\"_blank\" rel=\"noreferrer noopener\">Scarica online il kit per la promozione delle Giornate nazionali di ottobre &#8230; qui.<\/a><\/p>\n ","protected":false},"excerpt":{"rendered":"<p> Il 14 e il 15 ottobre migliaia di volontari nelle piazze italiane https:\/\/iononrischio.protezionecivile.it Ridurre gli effetti dei rischi naturali \u00e8 possibile: per questo sabato 14 e domenica 15 ottobre tornano [&hellip;] <\/p>\n","protected":false},"author":1,"featured_media":86589,"comment_status":"closed","ping_status":"closed","sticky":false,"template":"","format":"standard","meta":{"footnotes":"","_expiration-date-status":"","_expiration-date":0,"_expiration-date-type":"","_expiration-date-categories":[],"_expiration-date-options":[]},"categories":[400],"tags":[642],"class_list":["post-86588","post","type-post","status-publish","format-standard","has-post-thumbnail","hentry","category-notizie","tag-home-page"],"acf":[],"yoast_head":"<!-- This site is optimized with the Yoast SEO plugin v19.9 - https:\/\/yoast.com\/wordpress\/plugins\/seo\/ -->\n<title>[ IO NON RISCHIO: buone pratiche di protezione civile 2023<\/title>\n<meta name=\"description\" content=\"Agenzia di Protezione Civile Regione Abruzzo. IO NON RISCHIO 2023: BUONE PRATICHE DI PROTEZIONE CIVILE\" \/>\n<meta name=\"robots\" content=\"index, follow, max-snippet:-1, max-image-preview:large, max-video-preview:-1\" \/>\n<link rel=\"canonical\" href=\"https:\/\/protezionecivile.regione.abruzzo.it:443\/agenzia\/io-non-rischio-buone-pratiche-di-protezione-civile\/\" \/>\n<meta property=\"og:locale\" content=\"it_IT\" \/>\n<meta property=\"og:type\" content=\"article\" \/>\n<meta property=\"og:title\" content=\"[ IO NON RISCHIO: buone pratiche di protezione civile 2023\" \/>\n<meta property=\"og:description\" content=\"Agenzia di Protezione Civile Regione Abruzzo. IO NON RISCHIO 2023: BUONE PRATICHE DI PROTEZIONE CIVILE\" \/>\n<meta property=\"og:url\" content=\"https:\/\/protezionecivile.regione.abruzzo.it:443\/agenzia\/io-non-rischio-buone-pratiche-di-protezione-civile\/\" \/>\n<meta property=\"og:site_name\" content=\"[ APC Regione Abruzzo\" \/>\n<meta property=\"article:published_time\" content=\"2023-10-05T07:09:21+00:00\" \/>\n<meta property=\"article:modified_time\" content=\"2023-10-05T07:25:20+00:00\" \/>\n<meta property=\"og:image\" content=\"https:\/\/protezionecivile.regione.abruzzo.it:443\/agenzia\/wp-content\/uploads\/2023\/10\/Card-Twitter-1600x900-1.png\" \/>\n\t<meta property=\"og:image:width\" content=\"465\" \/>\n\t<meta property=\"og:image:height\" content=\"261\" \/>\n\t<meta property=\"og:image:type\" content=\"image\/png\" \/>\n<meta name=\"author\" content=\"Ferter1975\" \/>\n<meta name=\"twitter:card\" content=\"summary_large_image\" \/>\n<meta name=\"twitter:label1\" content=\"Scritto da\" \/>\n\t<meta name=\"twitter:data1\" content=\"Ferter1975\" \/>\n\t<meta name=\"twitter:label2\" content=\"Tempo di lettura stimato\" \/>\n\t<meta name=\"twitter:data2\" content=\"2 minuti\" \/>\n<script type=\"application\/ld+json\" class=\"yoast-schema-graph\">{\"@context\":\"https:\/\/schema.org\",\"@graph\":[{\"@type\":\"WebPage\",\"@id\":\"https:\/\/protezionecivile.regione.abruzzo.it:443\/agenzia\/io-non-rischio-buone-pratiche-di-protezione-civile\/\",\"url\":\"https:\/\/protezionecivile.regione.abruzzo.it:443\/agenzia\/io-non-rischio-buone-pratiche-di-protezione-civile\/\",\"name\":\"[ IO NON RISCHIO: buone pratiche di protezione civile 2023\",\"isPartOf\":{\"@id\":\"https:\/\/protezionecivile.regione.abruzzo.it:443\/agenzia\/#website\"},\"datePublished\":\"2023-10-05T07:09:21+00:00\",\"dateModified\":\"2023-10-05T07:25:20+00:00\",\"author\":{\"@id\":\"https:\/\/protezionecivile.regione.abruzzo.it:443\/agenzia\/#\/schema\/person\/b0076730d23ae3abf7bb21227f1e490d\"},\"description\":\"Agenzia di Protezione Civile Regione Abruzzo. IO NON RISCHIO 2023: BUONE PRATICHE DI PROTEZIONE CIVILE\",\"breadcrumb\":{\"@id\":\"https:\/\/protezionecivile.regione.abruzzo.it:443\/agenzia\/io-non-rischio-buone-pratiche-di-protezione-civile\/#breadcrumb\"},\"inLanguage\":\"it-IT\",\"potentialAction\":[{\"@type\":\"ReadAction\",\"target\":[\"https:\/\/protezionecivile.regione.abruzzo.it:443\/agenzia\/io-non-rischio-buone-pratiche-di-protezione-civile\/\"]}]},{\"@type\":\"BreadcrumbList\",\"@id\":\"https:\/\/protezionecivile.regione.abruzzo.it:443\/agenzia\/io-non-rischio-buone-pratiche-di-protezione-civile\/#breadcrumb\",\"itemListElement\":[{\"@type\":\"ListItem\",\"position\":1,\"name\":\"Home\",\"item\":\"https:\/\/protezionecivile.regione.abruzzo.it:443\/agenzia\/\"},{\"@type\":\"ListItem\",\"position\":2,\"name\":\"IO NON RISCHIO: BUONE PRATICHE DI PROTEZIONE CIVILE. Il 14 e il 15 ottobre migliaia di volontari nelle piazze italiane\"}]},{\"@type\":\"WebSite\",\"@id\":\"https:\/\/protezionecivile.regione.abruzzo.it:443\/agenzia\/#website\",\"url\":\"https:\/\/protezionecivile.regione.abruzzo.it:443\/agenzia\/\",\"name\":\"[ APC Regione Abruzzo\",\"description\":\"[ Agenzia Protezione Civile Regione Abruzzo\",\"potentialAction\":[{\"@type\":\"SearchAction\",\"target\":{\"@type\":\"EntryPoint\",\"urlTemplate\":\"https:\/\/protezionecivile.regione.abruzzo.it:443\/agenzia\/?s={search_term_string}\"},\"query-input\":\"required name=search_term_string\"}],\"inLanguage\":\"it-IT\"},{\"@type\":\"Person\",\"@id\":\"https:\/\/protezionecivile.regione.abruzzo.it:443\/agenzia\/#\/schema\/person\/b0076730d23ae3abf7bb21227f1e490d\",\"name\":\"Ferter1975\",\"image\":{\"@type\":\"ImageObject\",\"inLanguage\":\"it-IT\",\"@id\":\"https:\/\/protezionecivile.regione.abruzzo.it:443\/agenzia\/#\/schema\/person\/image\/\",\"url\":\"https:\/\/secure.gravatar.com\/avatar\/53ff3d880f7e4e376c64ac961b6475a99601fe01c0607b0766cab8406f0e68f5?s=96&d=mm&r=g\",\"contentUrl\":\"https:\/\/secure.gravatar.com\/avatar\/53ff3d880f7e4e376c64ac961b6475a99601fe01c0607b0766cab8406f0e68f5?s=96&d=mm&r=g\",\"caption\":\"Ferter1975\"},\"sameAs\":[\"https:\/\/protezionecivile.regione.abruzzo.it:443\/agenzia\"]}]}<\/script>\n<!-- \/ Yoast SEO plugin. -->","yoast_head_json":{"title":"[ IO NON RISCHIO: buone pratiche di protezione civile 2023","description":"Agenzia di Protezione Civile Regione Abruzzo. IO NON RISCHIO 2023: BUONE PRATICHE DI PROTEZIONE CIVILE","robots":{"index":"index","follow":"follow","max-snippet":"max-snippet:-1","max-image-preview":"max-image-preview:large","max-video-preview":"max-video-preview:-1"},"canonical":"https:\/\/protezionecivile.regione.abruzzo.it:443\/agenzia\/io-non-rischio-buone-pratiche-di-protezione-civile\/","og_locale":"it_IT","og_type":"article","og_title":"[ IO NON RISCHIO: buone pratiche di protezione civile 2023","og_description":"Agenzia di Protezione Civile Regione Abruzzo. IO NON RISCHIO 2023: BUONE PRATICHE DI PROTEZIONE CIVILE","og_url":"https:\/\/protezionecivile.regione.abruzzo.it:443\/agenzia\/io-non-rischio-buone-pratiche-di-protezione-civile\/","og_site_name":"[ APC Regione Abruzzo","article_published_time":"2023-10-05T07:09:21+00:00","article_modified_time":"2023-10-05T07:25:20+00:00","og_image":[{"width":465,"height":261,"url":"https:\/\/protezionecivile.regione.abruzzo.it:443\/agenzia\/wp-content\/uploads\/2023\/10\/Card-Twitter-1600x900-1.png","type":"image\/png"}],"author":"Ferter1975","twitter_card":"summary_large_image","twitter_misc":{"Scritto da":"Ferter1975","Tempo di lettura stimato":"2 minuti"},"schema":{"@context":"https:\/\/schema.org","@graph":[{"@type":"WebPage","@id":"https:\/\/protezionecivile.regione.abruzzo.it:443\/agenzia\/io-non-rischio-buone-pratiche-di-protezione-civile\/","url":"https:\/\/protezionecivile.regione.abruzzo.it:443\/agenzia\/io-non-rischio-buone-pratiche-di-protezione-civile\/","name":"[ IO NON RISCHIO: buone pratiche di protezione civile 2023","isPartOf":{"@id":"https:\/\/protezionecivile.regione.abruzzo.it:443\/agenzia\/#website"},"datePublished":"2023-10-05T07:09:21+00:00","dateModified":"2023-10-05T07:25:20+00:00","author":{"@id":"https:\/\/protezionecivile.regione.abruzzo.it:443\/agenzia\/#\/schema\/person\/b0076730d23ae3abf7bb21227f1e490d"},"description":"Agenzia di Protezione Civile Regione Abruzzo. IO NON RISCHIO 2023: BUONE PRATICHE DI PROTEZIONE CIVILE","breadcrumb":{"@id":"https:\/\/protezionecivile.regione.abruzzo.it:443\/agenzia\/io-non-rischio-buone-pratiche-di-protezione-civile\/#breadcrumb"},"inLanguage":"it-IT","potentialAction":[{"@type":"ReadAction","target":["https:\/\/protezionecivile.regione.abruzzo.it:443\/agenzia\/io-non-rischio-buone-pratiche-di-protezione-civile\/"]}]},{"@type":"BreadcrumbList","@id":"https:\/\/protezionecivile.regione.abruzzo.it:443\/agenzia\/io-non-rischio-buone-pratiche-di-protezione-civile\/#breadcrumb","itemListElement":[{"@type":"ListItem","position":1,"name":"Home","item":"https:\/\/protezionecivile.regione.abruzzo.it:443\/agenzia\/"},{"@type":"ListItem","position":2,"name":"IO NON RISCHIO: BUONE PRATICHE DI PROTEZIONE CIVILE. Il 14 e il 15 ottobre migliaia di volontari nelle piazze italiane"}]},{"@type":"WebSite","@id":"https:\/\/protezionecivile.regione.abruzzo.it:443\/agenzia\/#website","url":"https:\/\/protezionecivile.regione.abruzzo.it:443\/agenzia\/","name":"[ APC Regione Abruzzo","description":"[ Agenzia Protezione Civile Regione Abruzzo","potentialAction":[{"@type":"SearchAction","target":{"@type":"EntryPoint","urlTemplate":"https:\/\/protezionecivile.regione.abruzzo.it:443\/agenzia\/?s={search_term_string}"},"query-input":"required name=search_term_string"}],"inLanguage":"it-IT"},{"@type":"Person","@id":"https:\/\/protezionecivile.regione.abruzzo.it:443\/agenzia\/#\/schema\/person\/b0076730d23ae3abf7bb21227f1e490d","name":"Ferter1975","image":{"@type":"ImageObject","inLanguage":"it-IT","@id":"https:\/\/protezionecivile.regione.abruzzo.it:443\/agenzia\/#\/schema\/person\/image\/","url":"https:\/\/secure.gravatar.com\/avatar\/53ff3d880f7e4e376c64ac961b6475a99601fe01c0607b0766cab8406f0e68f5?s=96&d=mm&r=g","contentUrl":"https:\/\/secure.gravatar.com\/avatar\/53ff3d880f7e4e376c64ac961b6475a99601fe01c0607b0766cab8406f0e68f5?s=96&d=mm&r=g","caption":"Ferter1975"},"sameAs":["https:\/\/protezionecivile.regione.abruzzo.it:443\/agenzia"]}]}},"_links":{"self":[{"href":"https:\/\/protezionecivile.regione.abruzzo.it:443\/agenzia\/wp-json\/wp\/v2\/posts\/86588","targetHints":{"allow":["GET"]}}],"collection":[{"href":"https:\/\/protezionecivile.regione.abruzzo.it:443\/agenzia\/wp-json\/wp\/v2\/posts"}],"about":[{"href":"https:\/\/protezionecivile.regione.abruzzo.it:443\/agenzia\/wp-json\/wp\/v2\/types\/post"}],"author":[{"embeddable":true,"href":"https:\/\/protezionecivile.regione.abruzzo.it:443\/agenzia\/wp-json\/wp\/v2\/users\/1"}],"replies":[{"embeddable":true,"href":"https:\/\/protezionecivile.regione.abruzzo.it:443\/agenzia\/wp-json\/wp\/v2\/comments?post=86588"}],"version-history":[{"count":5,"href":"https:\/\/protezionecivile.regione.abruzzo.it:443\/agenzia\/wp-json\/wp\/v2\/posts\/86588\/revisions"}],"predecessor-version":[{"id":86623,"href":"https:\/\/protezionecivile.regione.abruzzo.it:443\/agenzia\/wp-json\/wp\/v2\/posts\/86588\/revisions\/86623"}],"wp:featuredmedia":[{"embeddable":true,"href":"https:\/\/protezionecivile.regione.abruzzo.it:443\/agenzia\/wp-json\/wp\/v2\/media\/86589"}],"wp:attachment":[{"href":"https:\/\/protezionecivile.regione.abruzzo.it:443\/agenzia\/wp-json\/wp\/v2\/media?parent=86588"}],"wp:term":[{"taxonomy":"category","embeddable":true,"href":"https:\/\/protezionecivile.regione.abruzzo.it:443\/agenzia\/wp-json\/wp\/v2\/categories?post=86588"},{"taxonomy":"post_tag","embeddable":true,"href":"https:\/\/protezionecivile.regione.abruzzo.it:443\/agenzia\/wp-json\/wp\/v2\/tags?post=86588"}],"curies":[{"name":"wp","href":"https:\/\/api.w.org\/{rel}","templated":true}]}}