{"id":87169,"date":"2024-01-19T14:56:10","date_gmt":"2024-01-19T13:56:10","guid":{"rendered":"https:\/\/protezionecivile.regione.abruzzo.it:443\/agenzia\/?p=87169"},"modified":"2024-01-19T14:56:44","modified_gmt":"2024-01-19T13:56:44","slug":"it-alert-il-26-gennaio-test-su-rischi-specifici-sul-territorio-comunale-dellaquila","status":"publish","type":"post","link":"https:\/\/protezionecivile.regione.abruzzo.it:443\/agenzia\/it-alert-il-26-gennaio-test-su-rischi-specifici-sul-territorio-comunale-dellaquila\/","title":{"rendered":"IT-alert: il\u00a026 gennaio test su rischi specifici sul territorio comunale dell&#8217;Aquila"},"content":{"rendered":" \n<p><\/p>\n\n\n\n<figure class=\"wp-block-embed is-type-video is-provider-youtube wp-block-embed-youtube wp-embed-aspect-16-9 wp-has-aspect-ratio\"><div class=\"wp-block-embed__wrapper\">\n<iframe loading=\"lazy\" title=\"Test IT-Alert Abruzzo 26 gennaio 2024\" width=\"1150\" height=\"647\" src=\"https:\/\/www.youtube-nocookie.com\/embed\/1geGs7v_S-Q?feature=oembed\" frameborder=\"0\" allow=\"accelerometer; autoplay; clipboard-write; encrypted-media; gyroscope; picture-in-picture; web-share\" allowfullscreen><\/iframe>\n<\/div><\/figure>\n\n\n\n<p>Il prossimo venerd\u00ec 26 gennaio, verso le ore 12:00, l&#8217;Abruzzo sar\u00e0 interessato da una nuova sperimentazione IT-Alert.<\/p>\n\n\n\n<p>Nello specifico, la sperimentazione coinvolger\u00e0 il territorio comunale dell&#8217;Aquila e lo scenario di rischio sar\u00e0 &#8220;Incidente rilevante in stabilimenti industriali soggetti alla Direttiva Seveso&#8221;.<\/p>\n\n\n\n<p>La popolazione che ricever\u00e0 l&#8217;alert \u00e8 invitata a compilare il questionario disponibile su\u00a0<a href=\"https:\/\/www.it-alert.it\/it\/\" target=\"_blank\" rel=\"noreferrer noopener\">https:\/\/www.it-alert.it\/it\/<\/a><\/p>\n\n\n\n<p><\/p>\n\n\n\n<p class=\"has-text-align-center\"><a href=\"https:\/\/www.it-alert.it\/it\/notizia\/it-alert-dal-22-al-26-gennaio-test-su-rischi-specifici-12-regioni\/\" target=\"_blank\" rel=\"noreferrer noopener\">Ulteriori informazioni &#8230; qui.<\/a><\/p>\n ","protected":false},"excerpt":{"rendered":"<p> Il prossimo venerd\u00ec 26 gennaio, verso le ore 12:00, l&#8217;Abruzzo sar\u00e0 interessato da una nuova sperimentazione IT-Alert. Nello specifico, la sperimentazione coinvolger\u00e0 il territorio comunale dell&#8217;Aquila e lo scenario di [&hellip;] <\/p>\n","protected":false},"author":1,"featured_media":86453,"comment_status":"closed","ping_status":"closed","sticky":false,"template":"","format":"standard","meta":{"footnotes":"","_expiration-date-status":"","_expiration-date":0,"_expiration-date-type":"","_expiration-date-categories":[],"_expiration-date-options":[]},"categories":[400],"tags":[],"class_list":["post-87169","post","type-post","status-publish","format-standard","has-post-thumbnail","hentry","category-notizie"],"acf":[],"yoast_head":"<!-- This site is optimized with the Yoast SEO plugin v19.9 - https:\/\/yoast.com\/wordpress\/plugins\/seo\/ -->\n<title>[ IT-alert in Abruzzo: il 26 settembre i test in Abruzzo<\/title>\n<meta name=\"description\" content=\"Agenzia di Protezione Civile Regione Abruzzo. IT-ALERT, AL VIA TEST DEL NUOVO SISTEMA DI ALLARME PUBBLICO IN ABRUZZO\" \/>\n<meta name=\"robots\" content=\"index, follow, max-snippet:-1, max-image-preview:large, max-video-preview:-1\" \/>\n<link rel=\"canonical\" href=\"https:\/\/protezionecivile.regione.abruzzo.it:443\/agenzia\/it-alert-il-26-gennaio-test-su-rischi-specifici-sul-territorio-comunale-dellaquila\/\" \/>\n<meta property=\"og:locale\" content=\"it_IT\" \/>\n<meta property=\"og:type\" content=\"article\" \/>\n<meta property=\"og:title\" content=\"[ IT-alert in Abruzzo: il 26 settembre i test in Abruzzo\" \/>\n<meta property=\"og:description\" content=\"Agenzia di Protezione Civile Regione Abruzzo. IT-ALERT, AL VIA TEST DEL NUOVO SISTEMA DI ALLARME PUBBLICO IN ABRUZZO\" \/>\n<meta property=\"og:url\" content=\"https:\/\/protezionecivile.regione.abruzzo.it:443\/agenzia\/it-alert-il-26-gennaio-test-su-rischi-specifici-sul-territorio-comunale-dellaquila\/\" \/>\n<meta property=\"og:site_name\" content=\"[ APC Regione Abruzzo\" \/>\n<meta property=\"article:published_time\" content=\"2024-01-19T13:56:10+00:00\" \/>\n<meta property=\"article:modified_time\" content=\"2024-01-19T13:56:44+00:00\" \/>\n<meta property=\"og:image\" content=\"https:\/\/protezionecivile.regione.abruzzo.it:443\/agenzia\/wp-content\/uploads\/2023\/09\/CAROUS2-1-scaled.jpg\" \/>\n\t<meta property=\"og:image:width\" content=\"2560\" \/>\n\t<meta property=\"og:image:height\" content=\"2560\" \/>\n\t<meta property=\"og:image:type\" content=\"image\/jpeg\" \/>\n<meta name=\"author\" content=\"Ferter1975\" \/>\n<meta name=\"twitter:card\" content=\"summary_large_image\" \/>\n<meta name=\"twitter:label1\" content=\"Scritto da\" \/>\n\t<meta name=\"twitter:data1\" content=\"Ferter1975\" \/>\n\t<meta name=\"twitter:label2\" content=\"Tempo di lettura stimato\" \/>\n\t<meta name=\"twitter:data2\" content=\"2 minuti\" \/>\n<script type=\"application\/ld+json\" class=\"yoast-schema-graph\">{\"@context\":\"https:\/\/schema.org\",\"@graph\":[{\"@type\":\"WebPage\",\"@id\":\"https:\/\/protezionecivile.regione.abruzzo.it:443\/agenzia\/it-alert-il-26-gennaio-test-su-rischi-specifici-sul-territorio-comunale-dellaquila\/\",\"url\":\"https:\/\/protezionecivile.regione.abruzzo.it:443\/agenzia\/it-alert-il-26-gennaio-test-su-rischi-specifici-sul-territorio-comunale-dellaquila\/\",\"name\":\"[ IT-alert in Abruzzo: il 26 settembre i test in Abruzzo\",\"isPartOf\":{\"@id\":\"https:\/\/protezionecivile.regione.abruzzo.it:443\/agenzia\/#website\"},\"datePublished\":\"2024-01-19T13:56:10+00:00\",\"dateModified\":\"2024-01-19T13:56:44+00:00\",\"author\":{\"@id\":\"https:\/\/protezionecivile.regione.abruzzo.it:443\/agenzia\/#\/schema\/person\/b0076730d23ae3abf7bb21227f1e490d\"},\"description\":\"Agenzia di Protezione Civile Regione Abruzzo. IT-ALERT, AL VIA TEST DEL NUOVO SISTEMA DI ALLARME PUBBLICO IN ABRUZZO\",\"breadcrumb\":{\"@id\":\"https:\/\/protezionecivile.regione.abruzzo.it:443\/agenzia\/it-alert-il-26-gennaio-test-su-rischi-specifici-sul-territorio-comunale-dellaquila\/#breadcrumb\"},\"inLanguage\":\"it-IT\",\"potentialAction\":[{\"@type\":\"ReadAction\",\"target\":[\"https:\/\/protezionecivile.regione.abruzzo.it:443\/agenzia\/it-alert-il-26-gennaio-test-su-rischi-specifici-sul-territorio-comunale-dellaquila\/\"]}]},{\"@type\":\"BreadcrumbList\",\"@id\":\"https:\/\/protezionecivile.regione.abruzzo.it:443\/agenzia\/it-alert-il-26-gennaio-test-su-rischi-specifici-sul-territorio-comunale-dellaquila\/#breadcrumb\",\"itemListElement\":[{\"@type\":\"ListItem\",\"position\":1,\"name\":\"Home\",\"item\":\"https:\/\/protezionecivile.regione.abruzzo.it:443\/agenzia\/\"},{\"@type\":\"ListItem\",\"position\":2,\"name\":\"IT-alert: il\u00a026 gennaio test su rischi specifici sul territorio comunale dell&#8217;Aquila\"}]},{\"@type\":\"WebSite\",\"@id\":\"https:\/\/protezionecivile.regione.abruzzo.it:443\/agenzia\/#website\",\"url\":\"https:\/\/protezionecivile.regione.abruzzo.it:443\/agenzia\/\",\"name\":\"[ APC Regione Abruzzo\",\"description\":\"[ Agenzia Protezione Civile Regione Abruzzo\",\"potentialAction\":[{\"@type\":\"SearchAction\",\"target\":{\"@type\":\"EntryPoint\",\"urlTemplate\":\"https:\/\/protezionecivile.regione.abruzzo.it:443\/agenzia\/?s={search_term_string}\"},\"query-input\":\"required name=search_term_string\"}],\"inLanguage\":\"it-IT\"},{\"@type\":\"Person\",\"@id\":\"https:\/\/protezionecivile.regione.abruzzo.it:443\/agenzia\/#\/schema\/person\/b0076730d23ae3abf7bb21227f1e490d\",\"name\":\"Ferter1975\",\"image\":{\"@type\":\"ImageObject\",\"inLanguage\":\"it-IT\",\"@id\":\"https:\/\/protezionecivile.regione.abruzzo.it:443\/agenzia\/#\/schema\/person\/image\/\",\"url\":\"https:\/\/secure.gravatar.com\/avatar\/53ff3d880f7e4e376c64ac961b6475a99601fe01c0607b0766cab8406f0e68f5?s=96&d=mm&r=g\",\"contentUrl\":\"https:\/\/secure.gravatar.com\/avatar\/53ff3d880f7e4e376c64ac961b6475a99601fe01c0607b0766cab8406f0e68f5?s=96&d=mm&r=g\",\"caption\":\"Ferter1975\"},\"sameAs\":[\"https:\/\/protezionecivile.regione.abruzzo.it:443\/agenzia\"]}]}<\/script>\n<!-- \/ Yoast SEO plugin. -->","yoast_head_json":{"title":"[ IT-alert in Abruzzo: il 26 settembre i test in Abruzzo","description":"Agenzia di Protezione Civile Regione Abruzzo. IT-ALERT, AL VIA TEST DEL NUOVO SISTEMA DI ALLARME PUBBLICO IN ABRUZZO","robots":{"index":"index","follow":"follow","max-snippet":"max-snippet:-1","max-image-preview":"max-image-preview:large","max-video-preview":"max-video-preview:-1"},"canonical":"https:\/\/protezionecivile.regione.abruzzo.it:443\/agenzia\/it-alert-il-26-gennaio-test-su-rischi-specifici-sul-territorio-comunale-dellaquila\/","og_locale":"it_IT","og_type":"article","og_title":"[ IT-alert in Abruzzo: il 26 settembre i test in Abruzzo","og_description":"Agenzia di Protezione Civile Regione Abruzzo. IT-ALERT, AL VIA TEST DEL NUOVO SISTEMA DI ALLARME PUBBLICO IN ABRUZZO","og_url":"https:\/\/protezionecivile.regione.abruzzo.it:443\/agenzia\/it-alert-il-26-gennaio-test-su-rischi-specifici-sul-territorio-comunale-dellaquila\/","og_site_name":"[ APC Regione Abruzzo","article_published_time":"2024-01-19T13:56:10+00:00","article_modified_time":"2024-01-19T13:56:44+00:00","og_image":[{"width":2560,"height":2560,"url":"https:\/\/protezionecivile.regione.abruzzo.it:443\/agenzia\/wp-content\/uploads\/2023\/09\/CAROUS2-1-scaled.jpg","type":"image\/jpeg"}],"author":"Ferter1975","twitter_card":"summary_large_image","twitter_misc":{"Scritto da":"Ferter1975","Tempo di lettura stimato":"2 minuti"},"schema":{"@context":"https:\/\/schema.org","@graph":[{"@type":"WebPage","@id":"https:\/\/protezionecivile.regione.abruzzo.it:443\/agenzia\/it-alert-il-26-gennaio-test-su-rischi-specifici-sul-territorio-comunale-dellaquila\/","url":"https:\/\/protezionecivile.regione.abruzzo.it:443\/agenzia\/it-alert-il-26-gennaio-test-su-rischi-specifici-sul-territorio-comunale-dellaquila\/","name":"[ IT-alert in Abruzzo: il 26 settembre i test in Abruzzo","isPartOf":{"@id":"https:\/\/protezionecivile.regione.abruzzo.it:443\/agenzia\/#website"},"datePublished":"2024-01-19T13:56:10+00:00","dateModified":"2024-01-19T13:56:44+00:00","author":{"@id":"https:\/\/protezionecivile.regione.abruzzo.it:443\/agenzia\/#\/schema\/person\/b0076730d23ae3abf7bb21227f1e490d"},"description":"Agenzia di Protezione Civile Regione Abruzzo. IT-ALERT, AL VIA TEST DEL NUOVO SISTEMA DI ALLARME PUBBLICO IN ABRUZZO","breadcrumb":{"@id":"https:\/\/protezionecivile.regione.abruzzo.it:443\/agenzia\/it-alert-il-26-gennaio-test-su-rischi-specifici-sul-territorio-comunale-dellaquila\/#breadcrumb"},"inLanguage":"it-IT","potentialAction":[{"@type":"ReadAction","target":["https:\/\/protezionecivile.regione.abruzzo.it:443\/agenzia\/it-alert-il-26-gennaio-test-su-rischi-specifici-sul-territorio-comunale-dellaquila\/"]}]},{"@type":"BreadcrumbList","@id":"https:\/\/protezionecivile.regione.abruzzo.it:443\/agenzia\/it-alert-il-26-gennaio-test-su-rischi-specifici-sul-territorio-comunale-dellaquila\/#breadcrumb","itemListElement":[{"@type":"ListItem","position":1,"name":"Home","item":"https:\/\/protezionecivile.regione.abruzzo.it:443\/agenzia\/"},{"@type":"ListItem","position":2,"name":"IT-alert: il\u00a026 gennaio test su rischi specifici sul territorio comunale dell&#8217;Aquila"}]},{"@type":"WebSite","@id":"https:\/\/protezionecivile.regione.abruzzo.it:443\/agenzia\/#website","url":"https:\/\/protezionecivile.regione.abruzzo.it:443\/agenzia\/","name":"[ APC Regione Abruzzo","description":"[ Agenzia Protezione Civile Regione Abruzzo","potentialAction":[{"@type":"SearchAction","target":{"@type":"EntryPoint","urlTemplate":"https:\/\/protezionecivile.regione.abruzzo.it:443\/agenzia\/?s={search_term_string}"},"query-input":"required name=search_term_string"}],"inLanguage":"it-IT"},{"@type":"Person","@id":"https:\/\/protezionecivile.regione.abruzzo.it:443\/agenzia\/#\/schema\/person\/b0076730d23ae3abf7bb21227f1e490d","name":"Ferter1975","image":{"@type":"ImageObject","inLanguage":"it-IT","@id":"https:\/\/protezionecivile.regione.abruzzo.it:443\/agenzia\/#\/schema\/person\/image\/","url":"https:\/\/secure.gravatar.com\/avatar\/53ff3d880f7e4e376c64ac961b6475a99601fe01c0607b0766cab8406f0e68f5?s=96&d=mm&r=g","contentUrl":"https:\/\/secure.gravatar.com\/avatar\/53ff3d880f7e4e376c64ac961b6475a99601fe01c0607b0766cab8406f0e68f5?s=96&d=mm&r=g","caption":"Ferter1975"},"sameAs":["https:\/\/protezionecivile.regione.abruzzo.it:443\/agenzia"]}]}},"_links":{"self":[{"href":"https:\/\/protezionecivile.regione.abruzzo.it:443\/agenzia\/wp-json\/wp\/v2\/posts\/87169","targetHints":{"allow":["GET"]}}],"collection":[{"href":"https:\/\/protezionecivile.regione.abruzzo.it:443\/agenzia\/wp-json\/wp\/v2\/posts"}],"about":[{"href":"https:\/\/protezionecivile.regione.abruzzo.it:443\/agenzia\/wp-json\/wp\/v2\/types\/post"}],"author":[{"embeddable":true,"href":"https:\/\/protezionecivile.regione.abruzzo.it:443\/agenzia\/wp-json\/wp\/v2\/users\/1"}],"replies":[{"embeddable":true,"href":"https:\/\/protezionecivile.regione.abruzzo.it:443\/agenzia\/wp-json\/wp\/v2\/comments?post=87169"}],"version-history":[{"count":3,"href":"https:\/\/protezionecivile.regione.abruzzo.it:443\/agenzia\/wp-json\/wp\/v2\/posts\/87169\/revisions"}],"predecessor-version":[{"id":87172,"href":"https:\/\/protezionecivile.regione.abruzzo.it:443\/agenzia\/wp-json\/wp\/v2\/posts\/87169\/revisions\/87172"}],"wp:featuredmedia":[{"embeddable":true,"href":"https:\/\/protezionecivile.regione.abruzzo.it:443\/agenzia\/wp-json\/wp\/v2\/media\/86453"}],"wp:attachment":[{"href":"https:\/\/protezionecivile.regione.abruzzo.it:443\/agenzia\/wp-json\/wp\/v2\/media?parent=87169"}],"wp:term":[{"taxonomy":"category","embeddable":true,"href":"https:\/\/protezionecivile.regione.abruzzo.it:443\/agenzia\/wp-json\/wp\/v2\/categories?post=87169"},{"taxonomy":"post_tag","embeddable":true,"href":"https:\/\/protezionecivile.regione.abruzzo.it:443\/agenzia\/wp-json\/wp\/v2\/tags?post=87169"}],"curies":[{"name":"wp","href":"https:\/\/api.w.org\/{rel}","templated":true}]}}