{"id":89994,"date":"2025-04-30T16:28:00","date_gmt":"2025-04-30T14:28:00","guid":{"rendered":"https:\/\/protezionecivile.regione.abruzzo.it:443\/agenzia\/?p=89994"},"modified":"2025-05-06T16:28:19","modified_gmt":"2025-05-06T14:28:19","slug":"la-protezione-civile-abruzzese-al-fianco-del-dipartimento-nazionale-per-laccoglienza-dei-pellegrini-in-vaticano-il-grazie-di-marsilio-ai-volontari-2","status":"publish","type":"post","link":"https:\/\/protezionecivile.regione.abruzzo.it:443\/agenzia\/la-protezione-civile-abruzzese-al-fianco-del-dipartimento-nazionale-per-laccoglienza-dei-pellegrini-in-vaticano-il-grazie-di-marsilio-ai-volontari-2\/","title":{"rendered":"La Protezione Civile abruzzese al fianco del Dipartimento Nazionale per l\u2019accoglienza dei pellegrini in Vaticano: il Grazie di Marsilio ai volontari"},"content":{"rendered":" \n<p>Roma, 30 aprile 2025 \u2013 Prosegue l\u2019impegno della Protezione Civile Regione Abruzzo nelle attivit\u00e0 di accoglienza e assistenza ai pellegrini che in questi giorni stanno affluendo in Vaticano per partecipare agli eventi straordinari legati al Conclave e alla proclamazione del nuovo Pontefice.<\/p>\n\n\n\n<figure class=\"wp-block-image size-full\"><img loading=\"lazy\" decoding=\"async\" width=\"800\" height=\"533\" src=\"https:\/\/protezionecivile.regione.abruzzo.it:443\/agenzia\/wp-content\/uploads\/2025\/05\/PHOTO-2025-04-22-15-38-52.jpg\" alt=\"\" class=\"wp-image-89949\" srcset=\"https:\/\/protezionecivile.regione.abruzzo.it:443\/agenzia\/wp-content\/uploads\/2025\/05\/PHOTO-2025-04-22-15-38-52.jpg 800w, https:\/\/protezionecivile.regione.abruzzo.it:443\/agenzia\/wp-content\/uploads\/2025\/05\/PHOTO-2025-04-22-15-38-52-300x200.jpg 300w, https:\/\/protezionecivile.regione.abruzzo.it:443\/agenzia\/wp-content\/uploads\/2025\/05\/PHOTO-2025-04-22-15-38-52-768x512.jpg 768w\" sizes=\"auto, (max-width: 800px) 100vw, 800px\" \/><\/figure>\n\n\n\n<p><br>\u201cLa presenza della Protezione Civile abruzzese, in particolare dei volontari e delle volontarie del sistema regionale\u201d spiega il dirigente dell\u2019agenzia regionale Andrea Cipollone\u201d, \u00e8 stata richiesta direttamente dal Dipartimento Nazionale della Protezione Civile e rester\u00e0 operativa con certezza fino al 4 maggio\u201d. Tuttavia Cipollone non esclude che il contributo dei volontari abruzzesi possa proseguire anche nei giorni successivi, fino alla conclusione del Conclave, alla proclamazione del nuovo Papa e alla celebrazione della Messa di inizio pontificato.<br>Fino al giorno del funerale hanno partecipato alle attivit\u00e0 oltre 300 volontari abruzzesi, fornendo supporto logistico, assistenza ai pellegrini e presidio delle aree sensibili. In questi ultimi giorni, altri 100 volontari si sono aggiunti, portando il totale degli operatori abruzzesi coinvolti a oltre 400 unit\u00e0.<br>\u201cDesidero esprimere il pi\u00f9 profondo apprezzamento e una sincera gratitudine dell\u2019intera Regione Abruzzo a tutte le volontarie e i volontari abruzzesi che stanno dando un contributo fondamentale in un contesto delicato e complesso come quello che si sta vivendo in Vaticano di questi giorni\u201d ha detto il presidente del Regione Marco Marsilio. \u201cIl loro impegno, svolto con grande professionalit\u00e0, umanit\u00e0 e spirito di servizio, \u00e8 motivo di orgoglio per l\u2019intero sistema regionale di protezione civile. La nostra comunit\u00e0 pu\u00f2 contare su persone straordinarie, capaci di rappresentare l\u2019Abruzzo con dignit\u00e0, competenza e un cuore grande. Il grazie mio e quello dell\u2019intera comunit\u00e0 regionale va all\u2019Agenzia Regionale di Protezione Civile per la disponibilit\u00e0 e la dedizione che stanno dimostrando\u201d.<br>GIZZI\/PC\/250430<\/p>\n ","protected":false},"excerpt":{"rendered":"<p> Roma, 30 aprile 2025 \u2013 Prosegue l\u2019impegno della Protezione Civile Regione Abruzzo nelle attivit\u00e0 di accoglienza e assistenza ai pellegrini che in questi giorni stanno affluendo in Vaticano per partecipare [&hellip;] <\/p>\n","protected":false},"author":1,"featured_media":89949,"comment_status":"closed","ping_status":"closed","sticky":false,"template":"","format":"standard","meta":{"footnotes":"","_expiration-date-status":"","_expiration-date":0,"_expiration-date-type":"","_expiration-date-categories":[],"_expiration-date-options":[]},"categories":[400],"tags":[642],"class_list":["post-89994","post","type-post","status-publish","format-standard","has-post-thumbnail","hentry","category-notizie","tag-home-page"],"acf":[],"yoast_head":"<!-- This site is optimized with the Yoast SEO plugin v19.9 - https:\/\/yoast.com\/wordpress\/plugins\/seo\/ -->\n<title>[ La Protezione Civile abruzzese al fianco del Dipartimento Nazionale per l\u2019accoglienza dei pellegrini in Vaticano: il Grazie di Marsilio ai volontari<\/title>\n<meta name=\"description\" content=\"Agenzia Regionale di Protezione Civile Regione Abruzzo. La Protezione Civile abruzzese al fianco del Dipartimento Nazionale per l\u2019accoglienza dei pellegrini in Vaticano: il Grazie di Marsilio ai volontari\" \/>\n<meta name=\"robots\" content=\"index, follow, max-snippet:-1, max-image-preview:large, max-video-preview:-1\" \/>\n<link rel=\"canonical\" href=\"https:\/\/protezionecivile.regione.abruzzo.it:443\/agenzia\/la-protezione-civile-abruzzese-al-fianco-del-dipartimento-nazionale-per-laccoglienza-dei-pellegrini-in-vaticano-il-grazie-di-marsilio-ai-volontari-2\/\" \/>\n<meta property=\"og:locale\" content=\"it_IT\" \/>\n<meta property=\"og:type\" content=\"article\" \/>\n<meta property=\"og:title\" content=\"[ La Protezione Civile abruzzese al fianco del Dipartimento Nazionale per l\u2019accoglienza dei pellegrini in Vaticano: il Grazie di Marsilio ai volontari\" \/>\n<meta property=\"og:description\" content=\"Agenzia Regionale di Protezione Civile Regione Abruzzo. La Protezione Civile abruzzese al fianco del Dipartimento Nazionale per l\u2019accoglienza dei pellegrini in Vaticano: il Grazie di Marsilio ai volontari\" \/>\n<meta property=\"og:url\" content=\"https:\/\/protezionecivile.regione.abruzzo.it:443\/agenzia\/la-protezione-civile-abruzzese-al-fianco-del-dipartimento-nazionale-per-laccoglienza-dei-pellegrini-in-vaticano-il-grazie-di-marsilio-ai-volontari-2\/\" \/>\n<meta property=\"og:site_name\" content=\"[ APC Regione Abruzzo\" \/>\n<meta property=\"article:published_time\" content=\"2025-04-30T14:28:00+00:00\" \/>\n<meta property=\"article:modified_time\" content=\"2025-05-06T14:28:19+00:00\" \/>\n<meta property=\"og:image\" content=\"https:\/\/protezionecivile.regione.abruzzo.it:443\/agenzia\/wp-content\/uploads\/2025\/05\/PHOTO-2025-04-22-15-38-52.jpg\" \/>\n\t<meta property=\"og:image:width\" content=\"800\" \/>\n\t<meta property=\"og:image:height\" content=\"533\" \/>\n\t<meta property=\"og:image:type\" content=\"image\/jpeg\" \/>\n<meta name=\"author\" content=\"Ferter1975\" \/>\n<meta name=\"twitter:card\" content=\"summary_large_image\" \/>\n<meta name=\"twitter:label1\" content=\"Scritto da\" \/>\n\t<meta name=\"twitter:data1\" content=\"Ferter1975\" \/>\n\t<meta name=\"twitter:label2\" content=\"Tempo di lettura stimato\" \/>\n\t<meta name=\"twitter:data2\" content=\"1 minuto\" \/>\n<script type=\"application\/ld+json\" class=\"yoast-schema-graph\">{\"@context\":\"https:\/\/schema.org\",\"@graph\":[{\"@type\":\"WebPage\",\"@id\":\"https:\/\/protezionecivile.regione.abruzzo.it:443\/agenzia\/la-protezione-civile-abruzzese-al-fianco-del-dipartimento-nazionale-per-laccoglienza-dei-pellegrini-in-vaticano-il-grazie-di-marsilio-ai-volontari-2\/\",\"url\":\"https:\/\/protezionecivile.regione.abruzzo.it:443\/agenzia\/la-protezione-civile-abruzzese-al-fianco-del-dipartimento-nazionale-per-laccoglienza-dei-pellegrini-in-vaticano-il-grazie-di-marsilio-ai-volontari-2\/\",\"name\":\"[ La Protezione Civile abruzzese al fianco del Dipartimento Nazionale per l\u2019accoglienza dei pellegrini in Vaticano: il Grazie di Marsilio ai volontari\",\"isPartOf\":{\"@id\":\"https:\/\/protezionecivile.regione.abruzzo.it:443\/agenzia\/#website\"},\"datePublished\":\"2025-04-30T14:28:00+00:00\",\"dateModified\":\"2025-05-06T14:28:19+00:00\",\"author\":{\"@id\":\"https:\/\/protezionecivile.regione.abruzzo.it:443\/agenzia\/#\/schema\/person\/b0076730d23ae3abf7bb21227f1e490d\"},\"description\":\"Agenzia Regionale di Protezione Civile Regione Abruzzo. La Protezione Civile abruzzese al fianco del Dipartimento Nazionale per l\u2019accoglienza dei pellegrini in Vaticano: il Grazie di Marsilio ai volontari\",\"breadcrumb\":{\"@id\":\"https:\/\/protezionecivile.regione.abruzzo.it:443\/agenzia\/la-protezione-civile-abruzzese-al-fianco-del-dipartimento-nazionale-per-laccoglienza-dei-pellegrini-in-vaticano-il-grazie-di-marsilio-ai-volontari-2\/#breadcrumb\"},\"inLanguage\":\"it-IT\",\"potentialAction\":[{\"@type\":\"ReadAction\",\"target\":[\"https:\/\/protezionecivile.regione.abruzzo.it:443\/agenzia\/la-protezione-civile-abruzzese-al-fianco-del-dipartimento-nazionale-per-laccoglienza-dei-pellegrini-in-vaticano-il-grazie-di-marsilio-ai-volontari-2\/\"]}]},{\"@type\":\"BreadcrumbList\",\"@id\":\"https:\/\/protezionecivile.regione.abruzzo.it:443\/agenzia\/la-protezione-civile-abruzzese-al-fianco-del-dipartimento-nazionale-per-laccoglienza-dei-pellegrini-in-vaticano-il-grazie-di-marsilio-ai-volontari-2\/#breadcrumb\",\"itemListElement\":[{\"@type\":\"ListItem\",\"position\":1,\"name\":\"Home\",\"item\":\"https:\/\/protezionecivile.regione.abruzzo.it:443\/agenzia\/\"},{\"@type\":\"ListItem\",\"position\":2,\"name\":\"La Protezione Civile abruzzese al fianco del Dipartimento Nazionale per l\u2019accoglienza dei pellegrini in Vaticano: il Grazie di Marsilio ai volontari\"}]},{\"@type\":\"WebSite\",\"@id\":\"https:\/\/protezionecivile.regione.abruzzo.it:443\/agenzia\/#website\",\"url\":\"https:\/\/protezionecivile.regione.abruzzo.it:443\/agenzia\/\",\"name\":\"[ APC Regione Abruzzo\",\"description\":\"[ Agenzia Protezione Civile Regione Abruzzo\",\"potentialAction\":[{\"@type\":\"SearchAction\",\"target\":{\"@type\":\"EntryPoint\",\"urlTemplate\":\"https:\/\/protezionecivile.regione.abruzzo.it:443\/agenzia\/?s={search_term_string}\"},\"query-input\":\"required name=search_term_string\"}],\"inLanguage\":\"it-IT\"},{\"@type\":\"Person\",\"@id\":\"https:\/\/protezionecivile.regione.abruzzo.it:443\/agenzia\/#\/schema\/person\/b0076730d23ae3abf7bb21227f1e490d\",\"name\":\"Ferter1975\",\"image\":{\"@type\":\"ImageObject\",\"inLanguage\":\"it-IT\",\"@id\":\"https:\/\/protezionecivile.regione.abruzzo.it:443\/agenzia\/#\/schema\/person\/image\/\",\"url\":\"https:\/\/secure.gravatar.com\/avatar\/53ff3d880f7e4e376c64ac961b6475a99601fe01c0607b0766cab8406f0e68f5?s=96&d=mm&r=g\",\"contentUrl\":\"https:\/\/secure.gravatar.com\/avatar\/53ff3d880f7e4e376c64ac961b6475a99601fe01c0607b0766cab8406f0e68f5?s=96&d=mm&r=g\",\"caption\":\"Ferter1975\"},\"sameAs\":[\"https:\/\/protezionecivile.regione.abruzzo.it:443\/agenzia\"]}]}<\/script>\n<!-- \/ Yoast SEO plugin. -->","yoast_head_json":{"title":"[ La Protezione Civile abruzzese al fianco del Dipartimento Nazionale per l\u2019accoglienza dei pellegrini in Vaticano: il Grazie di Marsilio ai volontari","description":"Agenzia Regionale di Protezione Civile Regione Abruzzo. La Protezione Civile abruzzese al fianco del Dipartimento Nazionale per l\u2019accoglienza dei pellegrini in Vaticano: il Grazie di Marsilio ai volontari","robots":{"index":"index","follow":"follow","max-snippet":"max-snippet:-1","max-image-preview":"max-image-preview:large","max-video-preview":"max-video-preview:-1"},"canonical":"https:\/\/protezionecivile.regione.abruzzo.it:443\/agenzia\/la-protezione-civile-abruzzese-al-fianco-del-dipartimento-nazionale-per-laccoglienza-dei-pellegrini-in-vaticano-il-grazie-di-marsilio-ai-volontari-2\/","og_locale":"it_IT","og_type":"article","og_title":"[ La Protezione Civile abruzzese al fianco del Dipartimento Nazionale per l\u2019accoglienza dei pellegrini in Vaticano: il Grazie di Marsilio ai volontari","og_description":"Agenzia Regionale di Protezione Civile Regione Abruzzo. La Protezione Civile abruzzese al fianco del Dipartimento Nazionale per l\u2019accoglienza dei pellegrini in Vaticano: il Grazie di Marsilio ai volontari","og_url":"https:\/\/protezionecivile.regione.abruzzo.it:443\/agenzia\/la-protezione-civile-abruzzese-al-fianco-del-dipartimento-nazionale-per-laccoglienza-dei-pellegrini-in-vaticano-il-grazie-di-marsilio-ai-volontari-2\/","og_site_name":"[ APC Regione Abruzzo","article_published_time":"2025-04-30T14:28:00+00:00","article_modified_time":"2025-05-06T14:28:19+00:00","og_image":[{"width":800,"height":533,"url":"https:\/\/protezionecivile.regione.abruzzo.it:443\/agenzia\/wp-content\/uploads\/2025\/05\/PHOTO-2025-04-22-15-38-52.jpg","type":"image\/jpeg"}],"author":"Ferter1975","twitter_card":"summary_large_image","twitter_misc":{"Scritto da":"Ferter1975","Tempo di lettura stimato":"1 minuto"},"schema":{"@context":"https:\/\/schema.org","@graph":[{"@type":"WebPage","@id":"https:\/\/protezionecivile.regione.abruzzo.it:443\/agenzia\/la-protezione-civile-abruzzese-al-fianco-del-dipartimento-nazionale-per-laccoglienza-dei-pellegrini-in-vaticano-il-grazie-di-marsilio-ai-volontari-2\/","url":"https:\/\/protezionecivile.regione.abruzzo.it:443\/agenzia\/la-protezione-civile-abruzzese-al-fianco-del-dipartimento-nazionale-per-laccoglienza-dei-pellegrini-in-vaticano-il-grazie-di-marsilio-ai-volontari-2\/","name":"[ La Protezione Civile abruzzese al fianco del Dipartimento Nazionale per l\u2019accoglienza dei pellegrini in Vaticano: il Grazie di Marsilio ai volontari","isPartOf":{"@id":"https:\/\/protezionecivile.regione.abruzzo.it:443\/agenzia\/#website"},"datePublished":"2025-04-30T14:28:00+00:00","dateModified":"2025-05-06T14:28:19+00:00","author":{"@id":"https:\/\/protezionecivile.regione.abruzzo.it:443\/agenzia\/#\/schema\/person\/b0076730d23ae3abf7bb21227f1e490d"},"description":"Agenzia Regionale di Protezione Civile Regione Abruzzo. La Protezione Civile abruzzese al fianco del Dipartimento Nazionale per l\u2019accoglienza dei pellegrini in Vaticano: il Grazie di Marsilio ai volontari","breadcrumb":{"@id":"https:\/\/protezionecivile.regione.abruzzo.it:443\/agenzia\/la-protezione-civile-abruzzese-al-fianco-del-dipartimento-nazionale-per-laccoglienza-dei-pellegrini-in-vaticano-il-grazie-di-marsilio-ai-volontari-2\/#breadcrumb"},"inLanguage":"it-IT","potentialAction":[{"@type":"ReadAction","target":["https:\/\/protezionecivile.regione.abruzzo.it:443\/agenzia\/la-protezione-civile-abruzzese-al-fianco-del-dipartimento-nazionale-per-laccoglienza-dei-pellegrini-in-vaticano-il-grazie-di-marsilio-ai-volontari-2\/"]}]},{"@type":"BreadcrumbList","@id":"https:\/\/protezionecivile.regione.abruzzo.it:443\/agenzia\/la-protezione-civile-abruzzese-al-fianco-del-dipartimento-nazionale-per-laccoglienza-dei-pellegrini-in-vaticano-il-grazie-di-marsilio-ai-volontari-2\/#breadcrumb","itemListElement":[{"@type":"ListItem","position":1,"name":"Home","item":"https:\/\/protezionecivile.regione.abruzzo.it:443\/agenzia\/"},{"@type":"ListItem","position":2,"name":"La Protezione Civile abruzzese al fianco del Dipartimento Nazionale per l\u2019accoglienza dei pellegrini in Vaticano: il Grazie di Marsilio ai volontari"}]},{"@type":"WebSite","@id":"https:\/\/protezionecivile.regione.abruzzo.it:443\/agenzia\/#website","url":"https:\/\/protezionecivile.regione.abruzzo.it:443\/agenzia\/","name":"[ APC Regione Abruzzo","description":"[ Agenzia Protezione Civile Regione Abruzzo","potentialAction":[{"@type":"SearchAction","target":{"@type":"EntryPoint","urlTemplate":"https:\/\/protezionecivile.regione.abruzzo.it:443\/agenzia\/?s={search_term_string}"},"query-input":"required name=search_term_string"}],"inLanguage":"it-IT"},{"@type":"Person","@id":"https:\/\/protezionecivile.regione.abruzzo.it:443\/agenzia\/#\/schema\/person\/b0076730d23ae3abf7bb21227f1e490d","name":"Ferter1975","image":{"@type":"ImageObject","inLanguage":"it-IT","@id":"https:\/\/protezionecivile.regione.abruzzo.it:443\/agenzia\/#\/schema\/person\/image\/","url":"https:\/\/secure.gravatar.com\/avatar\/53ff3d880f7e4e376c64ac961b6475a99601fe01c0607b0766cab8406f0e68f5?s=96&d=mm&r=g","contentUrl":"https:\/\/secure.gravatar.com\/avatar\/53ff3d880f7e4e376c64ac961b6475a99601fe01c0607b0766cab8406f0e68f5?s=96&d=mm&r=g","caption":"Ferter1975"},"sameAs":["https:\/\/protezionecivile.regione.abruzzo.it:443\/agenzia"]}]}},"_links":{"self":[{"href":"https:\/\/protezionecivile.regione.abruzzo.it:443\/agenzia\/wp-json\/wp\/v2\/posts\/89994","targetHints":{"allow":["GET"]}}],"collection":[{"href":"https:\/\/protezionecivile.regione.abruzzo.it:443\/agenzia\/wp-json\/wp\/v2\/posts"}],"about":[{"href":"https:\/\/protezionecivile.regione.abruzzo.it:443\/agenzia\/wp-json\/wp\/v2\/types\/post"}],"author":[{"embeddable":true,"href":"https:\/\/protezionecivile.regione.abruzzo.it:443\/agenzia\/wp-json\/wp\/v2\/users\/1"}],"replies":[{"embeddable":true,"href":"https:\/\/protezionecivile.regione.abruzzo.it:443\/agenzia\/wp-json\/wp\/v2\/comments?post=89994"}],"version-history":[{"count":3,"href":"https:\/\/protezionecivile.regione.abruzzo.it:443\/agenzia\/wp-json\/wp\/v2\/posts\/89994\/revisions"}],"predecessor-version":[{"id":89997,"href":"https:\/\/protezionecivile.regione.abruzzo.it:443\/agenzia\/wp-json\/wp\/v2\/posts\/89994\/revisions\/89997"}],"wp:featuredmedia":[{"embeddable":true,"href":"https:\/\/protezionecivile.regione.abruzzo.it:443\/agenzia\/wp-json\/wp\/v2\/media\/89949"}],"wp:attachment":[{"href":"https:\/\/protezionecivile.regione.abruzzo.it:443\/agenzia\/wp-json\/wp\/v2\/media?parent=89994"}],"wp:term":[{"taxonomy":"category","embeddable":true,"href":"https:\/\/protezionecivile.regione.abruzzo.it:443\/agenzia\/wp-json\/wp\/v2\/categories?post=89994"},{"taxonomy":"post_tag","embeddable":true,"href":"https:\/\/protezionecivile.regione.abruzzo.it:443\/agenzia\/wp-json\/wp\/v2\/tags?post=89994"}],"curies":[{"name":"wp","href":"https:\/\/api.w.org\/{rel}","templated":true}]}}