{"id":90141,"date":"2025-05-30T09:57:25","date_gmt":"2025-05-30T07:57:25","guid":{"rendered":"https:\/\/protezionecivile.regione.abruzzo.it:443\/agenzia\/?p=90141"},"modified":"2025-05-30T09:58:33","modified_gmt":"2025-05-30T07:58:33","slug":"castes-partono-oggi-una-serie-di-incontri-tra-esperti-italiani-e-salvadoregni-per-il-rafforzamento-della-gestione-dei-rischi-idro-geologici","status":"publish","type":"post","link":"https:\/\/protezionecivile.regione.abruzzo.it:443\/agenzia\/castes-partono-oggi-una-serie-di-incontri-tra-esperti-italiani-e-salvadoregni-per-il-rafforzamento-della-gestione-dei-rischi-idro-geologici\/","title":{"rendered":"&#8220;CASTES&#8221;: partono oggi una serie di incontri tra esperti italiani e salvadoregni per il rafforzamento della gestione dei rischi idro-geologici"},"content":{"rendered":" <div class=\"wp-block-image\">\n<figure class=\"aligncenter size-full\"><img loading=\"lazy\" decoding=\"async\" width=\"650\" height=\"487\" src=\"https:\/\/protezionecivile.regione.abruzzo.it:443\/agenzia\/wp-content\/uploads\/2025\/05\/PHOTO-2025-05-29-14-40-40-1.jpg\" alt=\"\" class=\"wp-image-90147\" srcset=\"https:\/\/protezionecivile.regione.abruzzo.it:443\/agenzia\/wp-content\/uploads\/2025\/05\/PHOTO-2025-05-29-14-40-40-1.jpg 650w, https:\/\/protezionecivile.regione.abruzzo.it:443\/agenzia\/wp-content\/uploads\/2025\/05\/PHOTO-2025-05-29-14-40-40-1-300x225.jpg 300w\" sizes=\"auto, (max-width: 650px) 100vw, 650px\" \/><\/figure><\/div>\n\n\n<p>Chieti, 29 maggio 2025 &#8211; CASTES (\u201cIstituire e sviluppare il Corso di Laurea in Scienze della Terra nella Universidad de El Salvador\u201d) \u00e8 un progetto internazionale che mira alla formazione di capitale umano specializzato nel campo delle Scienze della Terra e della gestione del rischio idro-geologico.<br>In collaborazione tra l&#8217;Agenzia Regionale di Protezione Civile e le Universit\u00e0 \u201cGabriele D&#8217;Annunzio\u201d di Chieti-Pescara e l\u2019Universit\u00e0 di Palermo, nonch\u00e9 della Universidad de El Salvador (Facultad de Ciencias Agron\u00f3micas, Departamento de Recursos Naturales y Medio Ambiente) sono stati avviati oggi a Chieti una serie di incontri finalizzati allo scambio di know-how, tra tecnici, docenti italiani e docenti provenienti dalla Repubblica de El Salvador per consentire un rafforzamento delle competenze e capacit\u00e0 di gestione delle reti di monitoraggio idrometeorologico, rendendo l&#8217;area centro americana pronta a mitigare gli impatti del cambiamento climatico e le pericolosit\u00e0 legate ai rischi idrici e geologici.<br>Tra le attivit\u00e0 previste dal progetto, figurano l\u2019istituzione di un Corso di Laurea Magistrale a ciclo unico in Ingegneria Geologica presso la Universidad de El Salvador, l\u2019attivazione di un Master biennale in Scienze Geologiche, oltre a borse di dottorato riservate a studenti salvadoregni, che saranno messe a disposizione dalle Universit\u00e0 di Palermo e di Chieti-Pescara. Prevista anche la realizzazione di una biblioteca scientifica e di un laboratorio avanzato presso la Universidad de El Salvador.<br>Risultati attesi dalla realizzazione del progetto, il rafforzamento dell\u2019autonomia tecnico-scientifica dell\u2019America Centrale nella gestione dei rischi connessi ai cambiamenti climatici, nonch\u00e9 la formazione avanzata di docenti e ricercatori salvadoregni per affrontare le sempre pi\u00f9 frequenti emergenze naturali che colpiscono la regione.<br>GIZZI\/PC\/250528<\/p>\n\n\n\n<figure class=\"wp-block-gallery has-nested-images columns-default is-cropped wp-block-gallery-1 is-layout-flex wp-block-gallery-is-layout-flex\">\n<figure class=\"wp-block-image size-large\"><img loading=\"lazy\" decoding=\"async\" width=\"650\" height=\"487\" data-id=\"90147\" src=\"https:\/\/protezionecivile.regione.abruzzo.it:443\/agenzia\/wp-content\/uploads\/2025\/05\/PHOTO-2025-05-29-14-40-40-1.jpg\" alt=\"\" class=\"wp-image-90147\" srcset=\"https:\/\/protezionecivile.regione.abruzzo.it:443\/agenzia\/wp-content\/uploads\/2025\/05\/PHOTO-2025-05-29-14-40-40-1.jpg 650w, https:\/\/protezionecivile.regione.abruzzo.it:443\/agenzia\/wp-content\/uploads\/2025\/05\/PHOTO-2025-05-29-14-40-40-1-300x225.jpg 300w\" sizes=\"auto, (max-width: 650px) 100vw, 650px\" \/><\/figure>\n\n\n\n<figure class=\"wp-block-image size-large\"><img loading=\"lazy\" decoding=\"async\" width=\"450\" height=\"600\" data-id=\"90144\" src=\"https:\/\/protezionecivile.regione.abruzzo.it:443\/agenzia\/wp-content\/uploads\/2025\/05\/PHOTO-2025-05-29-14-41-08.jpg\" alt=\"\" class=\"wp-image-90144\" srcset=\"https:\/\/protezionecivile.regione.abruzzo.it:443\/agenzia\/wp-content\/uploads\/2025\/05\/PHOTO-2025-05-29-14-41-08.jpg 450w, https:\/\/protezionecivile.regione.abruzzo.it:443\/agenzia\/wp-content\/uploads\/2025\/05\/PHOTO-2025-05-29-14-41-08-225x300.jpg 225w\" sizes=\"auto, (max-width: 450px) 100vw, 450px\" \/><\/figure>\n\n\n\n<figure class=\"wp-block-image size-large\"><img loading=\"lazy\" decoding=\"async\" width=\"650\" height=\"487\" data-id=\"90143\" src=\"https:\/\/protezionecivile.regione.abruzzo.it:443\/agenzia\/wp-content\/uploads\/2025\/05\/PHOTO-2025-05-29-14-41-46.jpg\" alt=\"\" class=\"wp-image-90143\" srcset=\"https:\/\/protezionecivile.regione.abruzzo.it:443\/agenzia\/wp-content\/uploads\/2025\/05\/PHOTO-2025-05-29-14-41-46.jpg 650w, https:\/\/protezionecivile.regione.abruzzo.it:443\/agenzia\/wp-content\/uploads\/2025\/05\/PHOTO-2025-05-29-14-41-46-300x225.jpg 300w\" sizes=\"auto, (max-width: 650px) 100vw, 650px\" \/><\/figure>\n<\/figure>\n ","protected":false},"excerpt":{"rendered":"<p> Chieti, 29 maggio 2025 &#8211; CASTES (\u201cIstituire e sviluppare il Corso di Laurea in Scienze della Terra nella Universidad de El Salvador\u201d) \u00e8 un progetto internazionale che mira alla formazione [&hellip;] <\/p>\n","protected":false},"author":1,"featured_media":90143,"comment_status":"closed","ping_status":"closed","sticky":false,"template":"","format":"standard","meta":{"footnotes":"","_expiration-date-status":"","_expiration-date":0,"_expiration-date-type":"","_expiration-date-categories":[],"_expiration-date-options":[]},"categories":[400],"tags":[642],"class_list":["post-90141","post","type-post","status-publish","format-standard","has-post-thumbnail","hentry","category-notizie","tag-home-page"],"acf":[],"yoast_head":"<!-- This site is optimized with the Yoast SEO plugin v19.9 - https:\/\/yoast.com\/wordpress\/plugins\/seo\/ -->\n<title>[ &quot;CASTES&quot;: partono oggi una serie di incontri tra esperti italiani e salvadoregni per il rafforzamento della gestione dei rischi idro-geologici<\/title>\n<meta name=\"description\" content=\"Agenzia Regionale di Protezione Civile Regione Abruzzo. &quot;CASTES&quot;: partono oggi una serie di incontri tra esperti italiani e salvadoregni per il rafforzamento della gestione dei rischi idro-geologici\" \/>\n<meta name=\"robots\" content=\"index, follow, max-snippet:-1, max-image-preview:large, max-video-preview:-1\" \/>\n<link rel=\"canonical\" href=\"https:\/\/protezionecivile.regione.abruzzo.it:443\/agenzia\/castes-partono-oggi-una-serie-di-incontri-tra-esperti-italiani-e-salvadoregni-per-il-rafforzamento-della-gestione-dei-rischi-idro-geologici\/\" \/>\n<meta property=\"og:locale\" content=\"it_IT\" \/>\n<meta property=\"og:type\" content=\"article\" \/>\n<meta property=\"og:title\" content=\"[ &quot;CASTES&quot;: partono oggi una serie di incontri tra esperti italiani e salvadoregni per il rafforzamento della gestione dei rischi idro-geologici\" \/>\n<meta property=\"og:description\" content=\"Agenzia Regionale di Protezione Civile Regione Abruzzo. &quot;CASTES&quot;: partono oggi una serie di incontri tra esperti italiani e salvadoregni per il rafforzamento della gestione dei rischi idro-geologici\" \/>\n<meta property=\"og:url\" content=\"https:\/\/protezionecivile.regione.abruzzo.it:443\/agenzia\/castes-partono-oggi-una-serie-di-incontri-tra-esperti-italiani-e-salvadoregni-per-il-rafforzamento-della-gestione-dei-rischi-idro-geologici\/\" \/>\n<meta property=\"og:site_name\" content=\"[ APC Regione Abruzzo\" \/>\n<meta property=\"article:published_time\" content=\"2025-05-30T07:57:25+00:00\" \/>\n<meta property=\"article:modified_time\" content=\"2025-05-30T07:58:33+00:00\" \/>\n<meta property=\"og:image\" content=\"https:\/\/protezionecivile.regione.abruzzo.it:443\/agenzia\/wp-content\/uploads\/2025\/05\/PHOTO-2025-05-29-14-41-46.jpg\" \/>\n\t<meta property=\"og:image:width\" content=\"650\" \/>\n\t<meta property=\"og:image:height\" content=\"487\" \/>\n\t<meta property=\"og:image:type\" content=\"image\/jpeg\" \/>\n<meta name=\"author\" content=\"Ferter1975\" \/>\n<meta name=\"twitter:card\" content=\"summary_large_image\" \/>\n<meta name=\"twitter:label1\" content=\"Scritto da\" \/>\n\t<meta name=\"twitter:data1\" content=\"Ferter1975\" \/>\n\t<meta name=\"twitter:label2\" content=\"Tempo di lettura stimato\" \/>\n\t<meta name=\"twitter:data2\" content=\"1 minuto\" \/>\n<script type=\"application\/ld+json\" class=\"yoast-schema-graph\">{\"@context\":\"https:\/\/schema.org\",\"@graph\":[{\"@type\":\"WebPage\",\"@id\":\"https:\/\/protezionecivile.regione.abruzzo.it:443\/agenzia\/castes-partono-oggi-una-serie-di-incontri-tra-esperti-italiani-e-salvadoregni-per-il-rafforzamento-della-gestione-dei-rischi-idro-geologici\/\",\"url\":\"https:\/\/protezionecivile.regione.abruzzo.it:443\/agenzia\/castes-partono-oggi-una-serie-di-incontri-tra-esperti-italiani-e-salvadoregni-per-il-rafforzamento-della-gestione-dei-rischi-idro-geologici\/\",\"name\":\"[ \\\"CASTES\\\": partono oggi una serie di incontri tra esperti italiani e salvadoregni per il rafforzamento della gestione dei rischi idro-geologici\",\"isPartOf\":{\"@id\":\"https:\/\/protezionecivile.regione.abruzzo.it:443\/agenzia\/#website\"},\"datePublished\":\"2025-05-30T07:57:25+00:00\",\"dateModified\":\"2025-05-30T07:58:33+00:00\",\"author\":{\"@id\":\"https:\/\/protezionecivile.regione.abruzzo.it:443\/agenzia\/#\/schema\/person\/b0076730d23ae3abf7bb21227f1e490d\"},\"description\":\"Agenzia Regionale di Protezione Civile Regione Abruzzo. \\\"CASTES\\\": partono oggi una serie di incontri tra esperti italiani e salvadoregni per il rafforzamento della gestione dei rischi idro-geologici\",\"breadcrumb\":{\"@id\":\"https:\/\/protezionecivile.regione.abruzzo.it:443\/agenzia\/castes-partono-oggi-una-serie-di-incontri-tra-esperti-italiani-e-salvadoregni-per-il-rafforzamento-della-gestione-dei-rischi-idro-geologici\/#breadcrumb\"},\"inLanguage\":\"it-IT\",\"potentialAction\":[{\"@type\":\"ReadAction\",\"target\":[\"https:\/\/protezionecivile.regione.abruzzo.it:443\/agenzia\/castes-partono-oggi-una-serie-di-incontri-tra-esperti-italiani-e-salvadoregni-per-il-rafforzamento-della-gestione-dei-rischi-idro-geologici\/\"]}]},{\"@type\":\"BreadcrumbList\",\"@id\":\"https:\/\/protezionecivile.regione.abruzzo.it:443\/agenzia\/castes-partono-oggi-una-serie-di-incontri-tra-esperti-italiani-e-salvadoregni-per-il-rafforzamento-della-gestione-dei-rischi-idro-geologici\/#breadcrumb\",\"itemListElement\":[{\"@type\":\"ListItem\",\"position\":1,\"name\":\"Home\",\"item\":\"https:\/\/protezionecivile.regione.abruzzo.it:443\/agenzia\/\"},{\"@type\":\"ListItem\",\"position\":2,\"name\":\"&#8220;CASTES&#8221;: partono oggi una serie di incontri tra esperti italiani e salvadoregni per il rafforzamento della gestione dei rischi idro-geologici\"}]},{\"@type\":\"WebSite\",\"@id\":\"https:\/\/protezionecivile.regione.abruzzo.it:443\/agenzia\/#website\",\"url\":\"https:\/\/protezionecivile.regione.abruzzo.it:443\/agenzia\/\",\"name\":\"[ APC Regione Abruzzo\",\"description\":\"[ Agenzia Protezione Civile Regione Abruzzo\",\"potentialAction\":[{\"@type\":\"SearchAction\",\"target\":{\"@type\":\"EntryPoint\",\"urlTemplate\":\"https:\/\/protezionecivile.regione.abruzzo.it:443\/agenzia\/?s={search_term_string}\"},\"query-input\":\"required name=search_term_string\"}],\"inLanguage\":\"it-IT\"},{\"@type\":\"Person\",\"@id\":\"https:\/\/protezionecivile.regione.abruzzo.it:443\/agenzia\/#\/schema\/person\/b0076730d23ae3abf7bb21227f1e490d\",\"name\":\"Ferter1975\",\"image\":{\"@type\":\"ImageObject\",\"inLanguage\":\"it-IT\",\"@id\":\"https:\/\/protezionecivile.regione.abruzzo.it:443\/agenzia\/#\/schema\/person\/image\/\",\"url\":\"https:\/\/secure.gravatar.com\/avatar\/53ff3d880f7e4e376c64ac961b6475a99601fe01c0607b0766cab8406f0e68f5?s=96&d=mm&r=g\",\"contentUrl\":\"https:\/\/secure.gravatar.com\/avatar\/53ff3d880f7e4e376c64ac961b6475a99601fe01c0607b0766cab8406f0e68f5?s=96&d=mm&r=g\",\"caption\":\"Ferter1975\"},\"sameAs\":[\"https:\/\/protezionecivile.regione.abruzzo.it:443\/agenzia\"]}]}<\/script>\n<!-- \/ Yoast SEO plugin. -->","yoast_head_json":{"title":"[ \"CASTES\": partono oggi una serie di incontri tra esperti italiani e salvadoregni per il rafforzamento della gestione dei rischi idro-geologici","description":"Agenzia Regionale di Protezione Civile Regione Abruzzo. \"CASTES\": partono oggi una serie di incontri tra esperti italiani e salvadoregni per il rafforzamento della gestione dei rischi idro-geologici","robots":{"index":"index","follow":"follow","max-snippet":"max-snippet:-1","max-image-preview":"max-image-preview:large","max-video-preview":"max-video-preview:-1"},"canonical":"https:\/\/protezionecivile.regione.abruzzo.it:443\/agenzia\/castes-partono-oggi-una-serie-di-incontri-tra-esperti-italiani-e-salvadoregni-per-il-rafforzamento-della-gestione-dei-rischi-idro-geologici\/","og_locale":"it_IT","og_type":"article","og_title":"[ \"CASTES\": partono oggi una serie di incontri tra esperti italiani e salvadoregni per il rafforzamento della gestione dei rischi idro-geologici","og_description":"Agenzia Regionale di Protezione Civile Regione Abruzzo. \"CASTES\": partono oggi una serie di incontri tra esperti italiani e salvadoregni per il rafforzamento della gestione dei rischi idro-geologici","og_url":"https:\/\/protezionecivile.regione.abruzzo.it:443\/agenzia\/castes-partono-oggi-una-serie-di-incontri-tra-esperti-italiani-e-salvadoregni-per-il-rafforzamento-della-gestione-dei-rischi-idro-geologici\/","og_site_name":"[ APC Regione Abruzzo","article_published_time":"2025-05-30T07:57:25+00:00","article_modified_time":"2025-05-30T07:58:33+00:00","og_image":[{"width":650,"height":487,"url":"https:\/\/protezionecivile.regione.abruzzo.it:443\/agenzia\/wp-content\/uploads\/2025\/05\/PHOTO-2025-05-29-14-41-46.jpg","type":"image\/jpeg"}],"author":"Ferter1975","twitter_card":"summary_large_image","twitter_misc":{"Scritto da":"Ferter1975","Tempo di lettura stimato":"1 minuto"},"schema":{"@context":"https:\/\/schema.org","@graph":[{"@type":"WebPage","@id":"https:\/\/protezionecivile.regione.abruzzo.it:443\/agenzia\/castes-partono-oggi-una-serie-di-incontri-tra-esperti-italiani-e-salvadoregni-per-il-rafforzamento-della-gestione-dei-rischi-idro-geologici\/","url":"https:\/\/protezionecivile.regione.abruzzo.it:443\/agenzia\/castes-partono-oggi-una-serie-di-incontri-tra-esperti-italiani-e-salvadoregni-per-il-rafforzamento-della-gestione-dei-rischi-idro-geologici\/","name":"[ \"CASTES\": partono oggi una serie di incontri tra esperti italiani e salvadoregni per il rafforzamento della gestione dei rischi idro-geologici","isPartOf":{"@id":"https:\/\/protezionecivile.regione.abruzzo.it:443\/agenzia\/#website"},"datePublished":"2025-05-30T07:57:25+00:00","dateModified":"2025-05-30T07:58:33+00:00","author":{"@id":"https:\/\/protezionecivile.regione.abruzzo.it:443\/agenzia\/#\/schema\/person\/b0076730d23ae3abf7bb21227f1e490d"},"description":"Agenzia Regionale di Protezione Civile Regione Abruzzo. \"CASTES\": partono oggi una serie di incontri tra esperti italiani e salvadoregni per il rafforzamento della gestione dei rischi idro-geologici","breadcrumb":{"@id":"https:\/\/protezionecivile.regione.abruzzo.it:443\/agenzia\/castes-partono-oggi-una-serie-di-incontri-tra-esperti-italiani-e-salvadoregni-per-il-rafforzamento-della-gestione-dei-rischi-idro-geologici\/#breadcrumb"},"inLanguage":"it-IT","potentialAction":[{"@type":"ReadAction","target":["https:\/\/protezionecivile.regione.abruzzo.it:443\/agenzia\/castes-partono-oggi-una-serie-di-incontri-tra-esperti-italiani-e-salvadoregni-per-il-rafforzamento-della-gestione-dei-rischi-idro-geologici\/"]}]},{"@type":"BreadcrumbList","@id":"https:\/\/protezionecivile.regione.abruzzo.it:443\/agenzia\/castes-partono-oggi-una-serie-di-incontri-tra-esperti-italiani-e-salvadoregni-per-il-rafforzamento-della-gestione-dei-rischi-idro-geologici\/#breadcrumb","itemListElement":[{"@type":"ListItem","position":1,"name":"Home","item":"https:\/\/protezionecivile.regione.abruzzo.it:443\/agenzia\/"},{"@type":"ListItem","position":2,"name":"&#8220;CASTES&#8221;: partono oggi una serie di incontri tra esperti italiani e salvadoregni per il rafforzamento della gestione dei rischi idro-geologici"}]},{"@type":"WebSite","@id":"https:\/\/protezionecivile.regione.abruzzo.it:443\/agenzia\/#website","url":"https:\/\/protezionecivile.regione.abruzzo.it:443\/agenzia\/","name":"[ APC Regione Abruzzo","description":"[ Agenzia Protezione Civile Regione Abruzzo","potentialAction":[{"@type":"SearchAction","target":{"@type":"EntryPoint","urlTemplate":"https:\/\/protezionecivile.regione.abruzzo.it:443\/agenzia\/?s={search_term_string}"},"query-input":"required name=search_term_string"}],"inLanguage":"it-IT"},{"@type":"Person","@id":"https:\/\/protezionecivile.regione.abruzzo.it:443\/agenzia\/#\/schema\/person\/b0076730d23ae3abf7bb21227f1e490d","name":"Ferter1975","image":{"@type":"ImageObject","inLanguage":"it-IT","@id":"https:\/\/protezionecivile.regione.abruzzo.it:443\/agenzia\/#\/schema\/person\/image\/","url":"https:\/\/secure.gravatar.com\/avatar\/53ff3d880f7e4e376c64ac961b6475a99601fe01c0607b0766cab8406f0e68f5?s=96&d=mm&r=g","contentUrl":"https:\/\/secure.gravatar.com\/avatar\/53ff3d880f7e4e376c64ac961b6475a99601fe01c0607b0766cab8406f0e68f5?s=96&d=mm&r=g","caption":"Ferter1975"},"sameAs":["https:\/\/protezionecivile.regione.abruzzo.it:443\/agenzia"]}]}},"_links":{"self":[{"href":"https:\/\/protezionecivile.regione.abruzzo.it:443\/agenzia\/wp-json\/wp\/v2\/posts\/90141","targetHints":{"allow":["GET"]}}],"collection":[{"href":"https:\/\/protezionecivile.regione.abruzzo.it:443\/agenzia\/wp-json\/wp\/v2\/posts"}],"about":[{"href":"https:\/\/protezionecivile.regione.abruzzo.it:443\/agenzia\/wp-json\/wp\/v2\/types\/post"}],"author":[{"embeddable":true,"href":"https:\/\/protezionecivile.regione.abruzzo.it:443\/agenzia\/wp-json\/wp\/v2\/users\/1"}],"replies":[{"embeddable":true,"href":"https:\/\/protezionecivile.regione.abruzzo.it:443\/agenzia\/wp-json\/wp\/v2\/comments?post=90141"}],"version-history":[{"count":4,"href":"https:\/\/protezionecivile.regione.abruzzo.it:443\/agenzia\/wp-json\/wp\/v2\/posts\/90141\/revisions"}],"predecessor-version":[{"id":90150,"href":"https:\/\/protezionecivile.regione.abruzzo.it:443\/agenzia\/wp-json\/wp\/v2\/posts\/90141\/revisions\/90150"}],"wp:featuredmedia":[{"embeddable":true,"href":"https:\/\/protezionecivile.regione.abruzzo.it:443\/agenzia\/wp-json\/wp\/v2\/media\/90143"}],"wp:attachment":[{"href":"https:\/\/protezionecivile.regione.abruzzo.it:443\/agenzia\/wp-json\/wp\/v2\/media?parent=90141"}],"wp:term":[{"taxonomy":"category","embeddable":true,"href":"https:\/\/protezionecivile.regione.abruzzo.it:443\/agenzia\/wp-json\/wp\/v2\/categories?post=90141"},{"taxonomy":"post_tag","embeddable":true,"href":"https:\/\/protezionecivile.regione.abruzzo.it:443\/agenzia\/wp-json\/wp\/v2\/tags?post=90141"}],"curies":[{"name":"wp","href":"https:\/\/api.w.org\/{rel}","templated":true}]}}