{"id":90283,"date":"2025-06-26T18:56:18","date_gmt":"2025-06-26T16:56:18","guid":{"rendered":"https:\/\/protezionecivile.regione.abruzzo.it:443\/agenzia\/?p=90283"},"modified":"2025-06-26T18:57:10","modified_gmt":"2025-06-26T16:57:10","slug":"protezione-civile-marsilio-maurizio-scelli-e-il-nuovo-direttore-dellagenzia-regionale-di-pc","status":"publish","type":"post","link":"https:\/\/protezionecivile.regione.abruzzo.it:443\/agenzia\/protezione-civile-marsilio-maurizio-scelli-e-il-nuovo-direttore-dellagenzia-regionale-di-pc\/","title":{"rendered":"Protezione Civile: Marsilio \u201cMaurizio Scelli \u00e8 il nuovo direttore dell\u2019Agenzia Regionale di PC\u201d"},"content":{"rendered":" <div class=\"wp-block-image\">\n<figure class=\"aligncenter size-full\"><img loading=\"lazy\" decoding=\"async\" width=\"739\" height=\"415\" src=\"https:\/\/protezionecivile.regione.abruzzo.it:443\/agenzia\/wp-content\/uploads\/2025\/06\/scelli_maurizio.jpg\" alt=\"\" class=\"wp-image-90286\" srcset=\"https:\/\/protezionecivile.regione.abruzzo.it:443\/agenzia\/wp-content\/uploads\/2025\/06\/scelli_maurizio.jpg 739w, https:\/\/protezionecivile.regione.abruzzo.it:443\/agenzia\/wp-content\/uploads\/2025\/06\/scelli_maurizio-300x168.jpg 300w\" sizes=\"auto, (max-width: 739px) 100vw, 739px\" \/><\/figure><\/div>\n\n\n<p>L\u2019Aquila, 26 giugno 2025 &#8211; Su proposta del Presidente Marco Marsilio la Giunta regionale, nella seduta odierna, ha approvato la delibera di conferimento dell\u2019incarico di Direttore dell\u2019Agenzia Regionale di Protezione Civile. all\u2019avvocato Maurizio Scelli.<br>\u201cLa nomina\u201d ha commentato il Presidente della Regione, \u201crappresenta un passo significativo nel rafforzamento del sistema regionale di protezione civile, in un momento storico in cui resilienza, prevenzione e capacit\u00e0 di risposta rappresentano pilastri fondamentali per la sicurezza e lo sviluppo dei territori\u201d.<br>L\u2019incarico avr\u00e0 durata triennale, con possibilit\u00e0 di rinnovo ed \u00e8 disciplinato dalle norme previste dal vigente Contratto Collettivo Nazionale di Lavoro dell\u2019Area della Dirigenza delle Regioni e Autonomie Locali, nonch\u00e9 dalla L.R. 77\/99.<br>Con la stessa delibera, la Giunta ha inoltre approvato lo schema di contratto per il conferimento dell\u2019incarico, disponendo la trasmissione dell\u2019atto e dello schema contrattuale all\u2019Agenzia Regionale di Protezione Civile per la stipula formale.<br>\u201cCon il conferimento dell\u2019incarico all\u2019Avv. Scelli\u201d, ha detto Marsilio, \u201cla Regione Abruzzo affida la guida dell\u2019Agenzia ad una figura di comprovata esperienza e visione strategica, chiamata a rafforzare le sinergie istituzionali, a potenziare la rete di prevenzione e intervento e a promuovere una cultura diffusa della sicurezza e della protezione del territorio\u201d.<br>GIZZI\/PC\/252606<\/p>\n ","protected":false},"excerpt":{"rendered":"<p> L\u2019Aquila, 26 giugno 2025 &#8211; Su proposta del Presidente Marco Marsilio la Giunta regionale, nella seduta odierna, ha approvato la delibera di conferimento dell\u2019incarico di Direttore dell\u2019Agenzia Regionale di Protezione [&hellip;] <\/p>\n","protected":false},"author":1,"featured_media":90286,"comment_status":"closed","ping_status":"closed","sticky":false,"template":"","format":"standard","meta":{"footnotes":"","_expiration-date-status":"","_expiration-date":0,"_expiration-date-type":"","_expiration-date-categories":[],"_expiration-date-options":[]},"categories":[400],"tags":[642],"class_list":["post-90283","post","type-post","status-publish","format-standard","has-post-thumbnail","hentry","category-notizie","tag-home-page"],"acf":[],"yoast_head":"<!-- This site is optimized with the Yoast SEO plugin v19.9 - https:\/\/yoast.com\/wordpress\/plugins\/seo\/ -->\n<title>[ Protezione Civile: Marsilio \u201cMaurizio Scelli \u00e8 il nuovo direttore dell\u2019Agenzia Regionale di PC\u201d<\/title>\n<meta name=\"description\" content=\"Agenzia Regionale di Protezione Civile Regione Abruzzo. Protezione Civile: Marsilio \u201cMaurizio Scelli \u00e8 il nuovo direttore dell\u2019Agenzia Regionale di PC\u201d\" \/>\n<meta name=\"robots\" content=\"index, follow, max-snippet:-1, max-image-preview:large, max-video-preview:-1\" \/>\n<link rel=\"canonical\" href=\"https:\/\/protezionecivile.regione.abruzzo.it:443\/agenzia\/protezione-civile-marsilio-maurizio-scelli-e-il-nuovo-direttore-dellagenzia-regionale-di-pc\/\" \/>\n<meta property=\"og:locale\" content=\"it_IT\" \/>\n<meta property=\"og:type\" content=\"article\" \/>\n<meta property=\"og:title\" content=\"[ Protezione Civile: Marsilio \u201cMaurizio Scelli \u00e8 il nuovo direttore dell\u2019Agenzia Regionale di PC\u201d\" \/>\n<meta property=\"og:description\" content=\"Agenzia Regionale di Protezione Civile Regione Abruzzo. Protezione Civile: Marsilio \u201cMaurizio Scelli \u00e8 il nuovo direttore dell\u2019Agenzia Regionale di PC\u201d\" \/>\n<meta property=\"og:url\" content=\"https:\/\/protezionecivile.regione.abruzzo.it:443\/agenzia\/protezione-civile-marsilio-maurizio-scelli-e-il-nuovo-direttore-dellagenzia-regionale-di-pc\/\" \/>\n<meta property=\"og:site_name\" content=\"[ APC Regione Abruzzo\" \/>\n<meta property=\"article:published_time\" content=\"2025-06-26T16:56:18+00:00\" \/>\n<meta property=\"article:modified_time\" content=\"2025-06-26T16:57:10+00:00\" \/>\n<meta property=\"og:image\" content=\"https:\/\/protezionecivile.regione.abruzzo.it:443\/agenzia\/wp-content\/uploads\/2025\/06\/scelli_maurizio.jpg\" \/>\n\t<meta property=\"og:image:width\" content=\"739\" \/>\n\t<meta property=\"og:image:height\" content=\"415\" \/>\n\t<meta property=\"og:image:type\" content=\"image\/jpeg\" \/>\n<meta name=\"author\" content=\"Ferter1975\" \/>\n<meta name=\"twitter:card\" content=\"summary_large_image\" \/>\n<meta name=\"twitter:label1\" content=\"Scritto da\" \/>\n\t<meta name=\"twitter:data1\" content=\"Ferter1975\" \/>\n\t<meta name=\"twitter:label2\" content=\"Tempo di lettura stimato\" \/>\n\t<meta name=\"twitter:data2\" content=\"1 minuto\" \/>\n<script type=\"application\/ld+json\" class=\"yoast-schema-graph\">{\"@context\":\"https:\/\/schema.org\",\"@graph\":[{\"@type\":\"WebPage\",\"@id\":\"https:\/\/protezionecivile.regione.abruzzo.it:443\/agenzia\/protezione-civile-marsilio-maurizio-scelli-e-il-nuovo-direttore-dellagenzia-regionale-di-pc\/\",\"url\":\"https:\/\/protezionecivile.regione.abruzzo.it:443\/agenzia\/protezione-civile-marsilio-maurizio-scelli-e-il-nuovo-direttore-dellagenzia-regionale-di-pc\/\",\"name\":\"[ Protezione Civile: Marsilio \u201cMaurizio Scelli \u00e8 il nuovo direttore dell\u2019Agenzia Regionale di PC\u201d\",\"isPartOf\":{\"@id\":\"https:\/\/protezionecivile.regione.abruzzo.it:443\/agenzia\/#website\"},\"datePublished\":\"2025-06-26T16:56:18+00:00\",\"dateModified\":\"2025-06-26T16:57:10+00:00\",\"author\":{\"@id\":\"https:\/\/protezionecivile.regione.abruzzo.it:443\/agenzia\/#\/schema\/person\/b0076730d23ae3abf7bb21227f1e490d\"},\"description\":\"Agenzia Regionale di Protezione Civile Regione Abruzzo. Protezione Civile: Marsilio \u201cMaurizio Scelli \u00e8 il nuovo direttore dell\u2019Agenzia Regionale di PC\u201d\",\"breadcrumb\":{\"@id\":\"https:\/\/protezionecivile.regione.abruzzo.it:443\/agenzia\/protezione-civile-marsilio-maurizio-scelli-e-il-nuovo-direttore-dellagenzia-regionale-di-pc\/#breadcrumb\"},\"inLanguage\":\"it-IT\",\"potentialAction\":[{\"@type\":\"ReadAction\",\"target\":[\"https:\/\/protezionecivile.regione.abruzzo.it:443\/agenzia\/protezione-civile-marsilio-maurizio-scelli-e-il-nuovo-direttore-dellagenzia-regionale-di-pc\/\"]}]},{\"@type\":\"BreadcrumbList\",\"@id\":\"https:\/\/protezionecivile.regione.abruzzo.it:443\/agenzia\/protezione-civile-marsilio-maurizio-scelli-e-il-nuovo-direttore-dellagenzia-regionale-di-pc\/#breadcrumb\",\"itemListElement\":[{\"@type\":\"ListItem\",\"position\":1,\"name\":\"Home\",\"item\":\"https:\/\/protezionecivile.regione.abruzzo.it:443\/agenzia\/\"},{\"@type\":\"ListItem\",\"position\":2,\"name\":\"Protezione Civile: Marsilio \u201cMaurizio Scelli \u00e8 il nuovo direttore dell\u2019Agenzia Regionale di PC\u201d\"}]},{\"@type\":\"WebSite\",\"@id\":\"https:\/\/protezionecivile.regione.abruzzo.it:443\/agenzia\/#website\",\"url\":\"https:\/\/protezionecivile.regione.abruzzo.it:443\/agenzia\/\",\"name\":\"[ APC Regione Abruzzo\",\"description\":\"[ Agenzia Protezione Civile Regione Abruzzo\",\"potentialAction\":[{\"@type\":\"SearchAction\",\"target\":{\"@type\":\"EntryPoint\",\"urlTemplate\":\"https:\/\/protezionecivile.regione.abruzzo.it:443\/agenzia\/?s={search_term_string}\"},\"query-input\":\"required name=search_term_string\"}],\"inLanguage\":\"it-IT\"},{\"@type\":\"Person\",\"@id\":\"https:\/\/protezionecivile.regione.abruzzo.it:443\/agenzia\/#\/schema\/person\/b0076730d23ae3abf7bb21227f1e490d\",\"name\":\"Ferter1975\",\"image\":{\"@type\":\"ImageObject\",\"inLanguage\":\"it-IT\",\"@id\":\"https:\/\/protezionecivile.regione.abruzzo.it:443\/agenzia\/#\/schema\/person\/image\/\",\"url\":\"https:\/\/secure.gravatar.com\/avatar\/53ff3d880f7e4e376c64ac961b6475a99601fe01c0607b0766cab8406f0e68f5?s=96&d=mm&r=g\",\"contentUrl\":\"https:\/\/secure.gravatar.com\/avatar\/53ff3d880f7e4e376c64ac961b6475a99601fe01c0607b0766cab8406f0e68f5?s=96&d=mm&r=g\",\"caption\":\"Ferter1975\"},\"sameAs\":[\"https:\/\/protezionecivile.regione.abruzzo.it:443\/agenzia\"]}]}<\/script>\n<!-- \/ Yoast SEO plugin. -->","yoast_head_json":{"title":"[ Protezione Civile: Marsilio \u201cMaurizio Scelli \u00e8 il nuovo direttore dell\u2019Agenzia Regionale di PC\u201d","description":"Agenzia Regionale di Protezione Civile Regione Abruzzo. Protezione Civile: Marsilio \u201cMaurizio Scelli \u00e8 il nuovo direttore dell\u2019Agenzia Regionale di PC\u201d","robots":{"index":"index","follow":"follow","max-snippet":"max-snippet:-1","max-image-preview":"max-image-preview:large","max-video-preview":"max-video-preview:-1"},"canonical":"https:\/\/protezionecivile.regione.abruzzo.it:443\/agenzia\/protezione-civile-marsilio-maurizio-scelli-e-il-nuovo-direttore-dellagenzia-regionale-di-pc\/","og_locale":"it_IT","og_type":"article","og_title":"[ Protezione Civile: Marsilio \u201cMaurizio Scelli \u00e8 il nuovo direttore dell\u2019Agenzia Regionale di PC\u201d","og_description":"Agenzia Regionale di Protezione Civile Regione Abruzzo. Protezione Civile: Marsilio \u201cMaurizio Scelli \u00e8 il nuovo direttore dell\u2019Agenzia Regionale di PC\u201d","og_url":"https:\/\/protezionecivile.regione.abruzzo.it:443\/agenzia\/protezione-civile-marsilio-maurizio-scelli-e-il-nuovo-direttore-dellagenzia-regionale-di-pc\/","og_site_name":"[ APC Regione Abruzzo","article_published_time":"2025-06-26T16:56:18+00:00","article_modified_time":"2025-06-26T16:57:10+00:00","og_image":[{"width":739,"height":415,"url":"https:\/\/protezionecivile.regione.abruzzo.it:443\/agenzia\/wp-content\/uploads\/2025\/06\/scelli_maurizio.jpg","type":"image\/jpeg"}],"author":"Ferter1975","twitter_card":"summary_large_image","twitter_misc":{"Scritto da":"Ferter1975","Tempo di lettura stimato":"1 minuto"},"schema":{"@context":"https:\/\/schema.org","@graph":[{"@type":"WebPage","@id":"https:\/\/protezionecivile.regione.abruzzo.it:443\/agenzia\/protezione-civile-marsilio-maurizio-scelli-e-il-nuovo-direttore-dellagenzia-regionale-di-pc\/","url":"https:\/\/protezionecivile.regione.abruzzo.it:443\/agenzia\/protezione-civile-marsilio-maurizio-scelli-e-il-nuovo-direttore-dellagenzia-regionale-di-pc\/","name":"[ Protezione Civile: Marsilio \u201cMaurizio Scelli \u00e8 il nuovo direttore dell\u2019Agenzia Regionale di PC\u201d","isPartOf":{"@id":"https:\/\/protezionecivile.regione.abruzzo.it:443\/agenzia\/#website"},"datePublished":"2025-06-26T16:56:18+00:00","dateModified":"2025-06-26T16:57:10+00:00","author":{"@id":"https:\/\/protezionecivile.regione.abruzzo.it:443\/agenzia\/#\/schema\/person\/b0076730d23ae3abf7bb21227f1e490d"},"description":"Agenzia Regionale di Protezione Civile Regione Abruzzo. Protezione Civile: Marsilio \u201cMaurizio Scelli \u00e8 il nuovo direttore dell\u2019Agenzia Regionale di PC\u201d","breadcrumb":{"@id":"https:\/\/protezionecivile.regione.abruzzo.it:443\/agenzia\/protezione-civile-marsilio-maurizio-scelli-e-il-nuovo-direttore-dellagenzia-regionale-di-pc\/#breadcrumb"},"inLanguage":"it-IT","potentialAction":[{"@type":"ReadAction","target":["https:\/\/protezionecivile.regione.abruzzo.it:443\/agenzia\/protezione-civile-marsilio-maurizio-scelli-e-il-nuovo-direttore-dellagenzia-regionale-di-pc\/"]}]},{"@type":"BreadcrumbList","@id":"https:\/\/protezionecivile.regione.abruzzo.it:443\/agenzia\/protezione-civile-marsilio-maurizio-scelli-e-il-nuovo-direttore-dellagenzia-regionale-di-pc\/#breadcrumb","itemListElement":[{"@type":"ListItem","position":1,"name":"Home","item":"https:\/\/protezionecivile.regione.abruzzo.it:443\/agenzia\/"},{"@type":"ListItem","position":2,"name":"Protezione Civile: Marsilio \u201cMaurizio Scelli \u00e8 il nuovo direttore dell\u2019Agenzia Regionale di PC\u201d"}]},{"@type":"WebSite","@id":"https:\/\/protezionecivile.regione.abruzzo.it:443\/agenzia\/#website","url":"https:\/\/protezionecivile.regione.abruzzo.it:443\/agenzia\/","name":"[ APC Regione Abruzzo","description":"[ Agenzia Protezione Civile Regione Abruzzo","potentialAction":[{"@type":"SearchAction","target":{"@type":"EntryPoint","urlTemplate":"https:\/\/protezionecivile.regione.abruzzo.it:443\/agenzia\/?s={search_term_string}"},"query-input":"required name=search_term_string"}],"inLanguage":"it-IT"},{"@type":"Person","@id":"https:\/\/protezionecivile.regione.abruzzo.it:443\/agenzia\/#\/schema\/person\/b0076730d23ae3abf7bb21227f1e490d","name":"Ferter1975","image":{"@type":"ImageObject","inLanguage":"it-IT","@id":"https:\/\/protezionecivile.regione.abruzzo.it:443\/agenzia\/#\/schema\/person\/image\/","url":"https:\/\/secure.gravatar.com\/avatar\/53ff3d880f7e4e376c64ac961b6475a99601fe01c0607b0766cab8406f0e68f5?s=96&d=mm&r=g","contentUrl":"https:\/\/secure.gravatar.com\/avatar\/53ff3d880f7e4e376c64ac961b6475a99601fe01c0607b0766cab8406f0e68f5?s=96&d=mm&r=g","caption":"Ferter1975"},"sameAs":["https:\/\/protezionecivile.regione.abruzzo.it:443\/agenzia"]}]}},"_links":{"self":[{"href":"https:\/\/protezionecivile.regione.abruzzo.it:443\/agenzia\/wp-json\/wp\/v2\/posts\/90283","targetHints":{"allow":["GET"]}}],"collection":[{"href":"https:\/\/protezionecivile.regione.abruzzo.it:443\/agenzia\/wp-json\/wp\/v2\/posts"}],"about":[{"href":"https:\/\/protezionecivile.regione.abruzzo.it:443\/agenzia\/wp-json\/wp\/v2\/types\/post"}],"author":[{"embeddable":true,"href":"https:\/\/protezionecivile.regione.abruzzo.it:443\/agenzia\/wp-json\/wp\/v2\/users\/1"}],"replies":[{"embeddable":true,"href":"https:\/\/protezionecivile.regione.abruzzo.it:443\/agenzia\/wp-json\/wp\/v2\/comments?post=90283"}],"version-history":[{"count":4,"href":"https:\/\/protezionecivile.regione.abruzzo.it:443\/agenzia\/wp-json\/wp\/v2\/posts\/90283\/revisions"}],"predecessor-version":[{"id":90291,"href":"https:\/\/protezionecivile.regione.abruzzo.it:443\/agenzia\/wp-json\/wp\/v2\/posts\/90283\/revisions\/90291"}],"wp:featuredmedia":[{"embeddable":true,"href":"https:\/\/protezionecivile.regione.abruzzo.it:443\/agenzia\/wp-json\/wp\/v2\/media\/90286"}],"wp:attachment":[{"href":"https:\/\/protezionecivile.regione.abruzzo.it:443\/agenzia\/wp-json\/wp\/v2\/media?parent=90283"}],"wp:term":[{"taxonomy":"category","embeddable":true,"href":"https:\/\/protezionecivile.regione.abruzzo.it:443\/agenzia\/wp-json\/wp\/v2\/categories?post=90283"},{"taxonomy":"post_tag","embeddable":true,"href":"https:\/\/protezionecivile.regione.abruzzo.it:443\/agenzia\/wp-json\/wp\/v2\/tags?post=90283"}],"curies":[{"name":"wp","href":"https:\/\/api.w.org\/{rel}","templated":true}]}}