{"id":90292,"date":"2025-06-30T18:02:53","date_gmt":"2025-06-30T16:02:53","guid":{"rendered":"https:\/\/protezionecivile.regione.abruzzo.it:443\/agenzia\/?p=90292"},"modified":"2025-06-30T18:15:50","modified_gmt":"2025-06-30T16:15:50","slug":"protezione-civile-maurizio-scelli-e-il-nuovo-direttore-dellagenzia-regionale-di-pc-marsilio-una-figura-di-altissimo-profilo-per-affrontare-le-sfide-della-gestione-del-rischio-in-ab","status":"publish","type":"post","link":"https:\/\/protezionecivile.regione.abruzzo.it:443\/agenzia\/protezione-civile-maurizio-scelli-e-il-nuovo-direttore-dellagenzia-regionale-di-pc-marsilio-una-figura-di-altissimo-profilo-per-affrontare-le-sfide-della-gestione-del-rischio-in-ab\/","title":{"rendered":"Protezione Civile: Maurizio Scelli \u00e8 il nuovo direttore dell\u2019Agenzia Regionale di PC: Marsilio \u201cUna figura di altissimo profilo per affrontare le sfide della gestione del rischio in Abruzzo\u201d"},"content":{"rendered":" \n<figure class=\"wp-block-image size-large\"><img loading=\"lazy\" decoding=\"async\" width=\"1024\" height=\"768\" src=\"https:\/\/protezionecivile.regione.abruzzo.it:443\/agenzia\/wp-content\/uploads\/2025\/06\/974f9e90-4666-4afa-baa4-9529f4bcd5ec-1024x768.jpg\" alt=\"\" class=\"wp-image-90298\" srcset=\"https:\/\/protezionecivile.regione.abruzzo.it:443\/agenzia\/wp-content\/uploads\/2025\/06\/974f9e90-4666-4afa-baa4-9529f4bcd5ec-1024x768.jpg 1024w, https:\/\/protezionecivile.regione.abruzzo.it:443\/agenzia\/wp-content\/uploads\/2025\/06\/974f9e90-4666-4afa-baa4-9529f4bcd5ec-300x225.jpg 300w, https:\/\/protezionecivile.regione.abruzzo.it:443\/agenzia\/wp-content\/uploads\/2025\/06\/974f9e90-4666-4afa-baa4-9529f4bcd5ec-768x576.jpg 768w, https:\/\/protezionecivile.regione.abruzzo.it:443\/agenzia\/wp-content\/uploads\/2025\/06\/974f9e90-4666-4afa-baa4-9529f4bcd5ec-1536x1152.jpg 1536w, https:\/\/protezionecivile.regione.abruzzo.it:443\/agenzia\/wp-content\/uploads\/2025\/06\/974f9e90-4666-4afa-baa4-9529f4bcd5ec-2048x1536.jpg 2048w\" sizes=\"auto, (max-width: 1024px) 100vw, 1024px\" \/><\/figure>\n\n\n\n<p>L\u2019Aquila, 30 giugno 2025 \u2013 Il Presidente della Regione Abruzzo, Marco Marsilio, ha formalmente conferito oggi l\u2019incarico di Direttore dell\u2019Agenzia Regionale di Protezione Civile all\u2019avvocato Maurizio Scelli, gi\u00e0 Commissario straordinario della Croce Rossa Italiana e protagonista di missioni di soccorso e mediazione in contesti internazionali ad alta criticit\u00e0.<br>\u201cSi tratta di una scelta di altissimo profilo &#8211; ha dichiarato il Presidente Marsilio &#8211; maturata nella consapevolezza che l\u2019Abruzzo ha bisogno, oggi pi\u00f9 che mai, di una guida competente, autorevole e profondamente esperta nel campo delle emergenze, della pianificazione e della risposta operativa. L\u2019avvocato Scelli ha dimostrato, in Italia e all\u2019estero, di sapere coniugare capacit\u00e0 strategica e sensibilit\u00e0 umana.\u201d<br>Scelli ha infatti diretto la Croce Rossa Italiana durante alcune delle emergenze pi\u00f9 drammatiche degli ultimi decenni: dal terremoto del Molise nel 2002, allo tsunami nell\u2019Oceano Indiano nel 2004, fino alle operazioni di protezione e mediazione umanitaria in Iraq. In quell\u2019occasione fu incaricato del difficile compito di trattare per la liberazione di cittadini italiani sequestrati e del rimpatrio delle salme di connazionali caduti.<br>Il conferimento dell\u2019incarico arriva in un momento cruciale per la struttura regionale, dopo un\u2019importante fase di riforma istituzionale voluta con forza proprio dal Presidente Marsilio. L\u2019Agenzia regionale di Protezione Civile, grazie a una nuova legge regionale fortemente voluta e sostenuta dal Presidente in tutte le sedi istituzionali, ha appena assunto, infatti, una configurazione pi\u00f9 moderna e operativa.<br>\u201cAbbiamo lavorato con determinazione &#8211; ha sottolineato Marsilio &#8211; per dotare l\u2019Agenzia di un assetto normativo e organizzativo pi\u00f9 snello, che le consentisse di agire con maggiore tempestivit\u00e0 e autonomia, soprattutto nelle fasi operative delle emergenze.<br>Questo risultato \u00e8 frutto di un impegno politico concreto e condiviso, che abbiamo portato a termine in sinergia con Mauro Casinghini e con il direttore pro tempore Andrea Cipollone, che ringrazio per aver guidato l&#8217;Agenzia fino ad oggi con competenza e impegno\u201d.<br>\u201cConosco bene il valore della Protezione Civile &#8211; ha aggiunto Marsilio \u2013 e sono consapevole di quanto il nostro sistema regionale, fondato su una solida rete di tecnici, operatori e volontari, abbia bisogno di una leadership forte, capace di affrontare le grandi sfide del nostro tempo: il rischio sismico, l\u2019adattamento climatico, la prevenzione idrogeologica e tutte le emergenze che possono derivare da eventi climatici o naturali\u201d.<br>\u201cScelli prende il testimone da Mauro Casinghini, a cui va il mio pi\u00f9 sincero ringraziamento per il lavoro svolto con rigore e passione fin dalla nascita dell\u2019Agenzia regionale. Oggi inauguriamo una nuova fase, che sar\u00e0 all\u2019insegna della continuit\u00e0 nei valori e dell\u2019innovazione negli strumenti.\u201d<br>Parole di profonda riconoscenza sono state espresse da Maurizio Scelli, che ha voluto ringraziare pubblicamente il Presidente della Regione, per la fiducia accordatagli: \u201cRingrazio il Presidente Marsilio per l\u2019altissimo onore che mi ha concesso, di cui gli sar\u00f2 sempre ed infinitamente grato. Mi sento davvero onorato dell\u2019incarico che mi \u00e8 stato attribuito e metter\u00f2 al servizio della mia Regione tutto il meglio delle esperienze maturate in ambito umanitario, sia in Italia che all\u2019estero, anche in teatri di guerra\u201d. \u201cDar\u00f2, ancora una volta, tutto me stesso, soprattutto in favore dei pi\u00f9 deboli e di chi si dedica a loro con dedizione gratuita e amore: penso ai volontari di tutte le associazioni operanti in Abruzzo, che ogni giorno, nel silenzio, svolgono la propria attivit\u00e0 con umilt\u00e0 e con una generosit\u00e0 commovente.\u201d<br>Scelli ha inoltre voluto rivolgere un pensiero di stima e gratitudine a coloro che lo hanno preceduto nella direzione dell\u2019Agenzia: \u201cUn ringraziamento sentito va al dottor Mauro Casinghini, per il lavoro svolto con visione e rigore e al dottor Andrea Cipollone, che ha saputo guidare l\u2019Agenzia con equilibrio e competenza in una fase di transizione delicata. Entrambi hanno portato la Protezione Civile abruzzese a livelli di qualit\u00e0 ed efficienza paragonabili a quelli delle realt\u00e0 pi\u00f9 strutturate d\u2019Italia, nonostante il nostro territorio disponga di risorse umane ed economiche pi\u00f9 limitate.\u201d<br>GIZZI\/PC\/250630<\/p>\n\n\n\n<figure class=\"wp-block-gallery has-nested-images columns-default is-cropped wp-block-gallery-1 is-layout-flex wp-block-gallery-is-layout-flex\">\n<figure class=\"wp-block-image size-large\"><img loading=\"lazy\" decoding=\"async\" width=\"768\" height=\"1024\" data-id=\"90303\" src=\"https:\/\/protezionecivile.regione.abruzzo.it:443\/agenzia\/wp-content\/uploads\/2025\/06\/1cbccfea-7f1d-4bb0-81b6-91d6988d79a9-1-768x1024.jpg\" alt=\"\" class=\"wp-image-90303\" srcset=\"https:\/\/protezionecivile.regione.abruzzo.it:443\/agenzia\/wp-content\/uploads\/2025\/06\/1cbccfea-7f1d-4bb0-81b6-91d6988d79a9-1-768x1024.jpg 768w, https:\/\/protezionecivile.regione.abruzzo.it:443\/agenzia\/wp-content\/uploads\/2025\/06\/1cbccfea-7f1d-4bb0-81b6-91d6988d79a9-1-225x300.jpg 225w, https:\/\/protezionecivile.regione.abruzzo.it:443\/agenzia\/wp-content\/uploads\/2025\/06\/1cbccfea-7f1d-4bb0-81b6-91d6988d79a9-1-1152x1536.jpg 1152w, https:\/\/protezionecivile.regione.abruzzo.it:443\/agenzia\/wp-content\/uploads\/2025\/06\/1cbccfea-7f1d-4bb0-81b6-91d6988d79a9-1-1536x2048.jpg 1536w, https:\/\/protezionecivile.regione.abruzzo.it:443\/agenzia\/wp-content\/uploads\/2025\/06\/1cbccfea-7f1d-4bb0-81b6-91d6988d79a9-1-600x800.jpg 600w, https:\/\/protezionecivile.regione.abruzzo.it:443\/agenzia\/wp-content\/uploads\/2025\/06\/1cbccfea-7f1d-4bb0-81b6-91d6988d79a9-1-scaled.jpg 1920w\" sizes=\"auto, (max-width: 768px) 100vw, 768px\" \/><\/figure>\n\n\n\n<figure class=\"wp-block-image size-large\"><img loading=\"lazy\" decoding=\"async\" width=\"1024\" height=\"768\" data-id=\"90304\" src=\"https:\/\/protezionecivile.regione.abruzzo.it:443\/agenzia\/wp-content\/uploads\/2025\/06\/85ea4fef-1f53-45d5-ab08-fc2916435a42-1024x768.jpg\" alt=\"\" class=\"wp-image-90304\" srcset=\"https:\/\/protezionecivile.regione.abruzzo.it:443\/agenzia\/wp-content\/uploads\/2025\/06\/85ea4fef-1f53-45d5-ab08-fc2916435a42-1024x768.jpg 1024w, https:\/\/protezionecivile.regione.abruzzo.it:443\/agenzia\/wp-content\/uploads\/2025\/06\/85ea4fef-1f53-45d5-ab08-fc2916435a42-300x225.jpg 300w, https:\/\/protezionecivile.regione.abruzzo.it:443\/agenzia\/wp-content\/uploads\/2025\/06\/85ea4fef-1f53-45d5-ab08-fc2916435a42-768x576.jpg 768w, https:\/\/protezionecivile.regione.abruzzo.it:443\/agenzia\/wp-content\/uploads\/2025\/06\/85ea4fef-1f53-45d5-ab08-fc2916435a42-1536x1152.jpg 1536w, https:\/\/protezionecivile.regione.abruzzo.it:443\/agenzia\/wp-content\/uploads\/2025\/06\/85ea4fef-1f53-45d5-ab08-fc2916435a42-2048x1536.jpg 2048w\" sizes=\"auto, (max-width: 1024px) 100vw, 1024px\" \/><\/figure>\n<\/figure>\n ","protected":false},"excerpt":{"rendered":"<p> L\u2019Aquila, 30 giugno 2025 \u2013 Il Presidente della Regione Abruzzo, Marco Marsilio, ha formalmente conferito oggi l\u2019incarico di Direttore dell\u2019Agenzia Regionale di Protezione Civile all\u2019avvocato Maurizio Scelli, gi\u00e0 Commissario straordinario [&hellip;] <\/p>\n","protected":false},"author":1,"featured_media":90298,"comment_status":"closed","ping_status":"closed","sticky":false,"template":"","format":"standard","meta":{"footnotes":"","_expiration-date-status":"","_expiration-date":0,"_expiration-date-type":"","_expiration-date-categories":[],"_expiration-date-options":[]},"categories":[400],"tags":[642],"class_list":["post-90292","post","type-post","status-publish","format-standard","has-post-thumbnail","hentry","category-notizie","tag-home-page"],"acf":[],"yoast_head":"<!-- This site is optimized with the Yoast SEO plugin v19.9 - https:\/\/yoast.com\/wordpress\/plugins\/seo\/ -->\n<title>[ Protezione Civile: Maurizio Scelli \u00e8 il nuovo direttore dell\u2019Agenzia Regionale di PC: Marsilio \u201cUna figura di altissimo profilo per affrontare le sfide della gestione del rischio in Abruzzo\u201d<\/title>\n<meta name=\"description\" content=\"Agenzia Regionale di Protezione Civile Regione Abruzzo. Protezione Civile: Maurizio Scelli \u00e8 il nuovo direttore dell\u2019Agenzia Regionale di PC: Marsilio \u201cUna figura di altissimo profilo per affrontare le sfide della gestione del rischio in Abruzzo\u201d\" \/>\n<meta name=\"robots\" content=\"index, follow, max-snippet:-1, max-image-preview:large, max-video-preview:-1\" \/>\n<link rel=\"canonical\" href=\"https:\/\/protezionecivile.regione.abruzzo.it:443\/agenzia\/protezione-civile-maurizio-scelli-e-il-nuovo-direttore-dellagenzia-regionale-di-pc-marsilio-una-figura-di-altissimo-profilo-per-affrontare-le-sfide-della-gestione-del-rischio-in-ab\/\" \/>\n<meta property=\"og:locale\" content=\"it_IT\" \/>\n<meta property=\"og:type\" content=\"article\" \/>\n<meta property=\"og:title\" content=\"[ Protezione Civile: Maurizio Scelli \u00e8 il nuovo direttore dell\u2019Agenzia Regionale di PC: Marsilio \u201cUna figura di altissimo profilo per affrontare le sfide della gestione del rischio in Abruzzo\u201d\" \/>\n<meta property=\"og:description\" content=\"Agenzia Regionale di Protezione Civile Regione Abruzzo. Protezione Civile: Maurizio Scelli \u00e8 il nuovo direttore dell\u2019Agenzia Regionale di PC: Marsilio \u201cUna figura di altissimo profilo per affrontare le sfide della gestione del rischio in Abruzzo\u201d\" \/>\n<meta property=\"og:url\" content=\"https:\/\/protezionecivile.regione.abruzzo.it:443\/agenzia\/protezione-civile-maurizio-scelli-e-il-nuovo-direttore-dellagenzia-regionale-di-pc-marsilio-una-figura-di-altissimo-profilo-per-affrontare-le-sfide-della-gestione-del-rischio-in-ab\/\" \/>\n<meta property=\"og:site_name\" content=\"[ APC Regione Abruzzo\" \/>\n<meta property=\"article:published_time\" content=\"2025-06-30T16:02:53+00:00\" \/>\n<meta property=\"article:modified_time\" content=\"2025-06-30T16:15:50+00:00\" \/>\n<meta property=\"og:image\" content=\"https:\/\/protezionecivile.regione.abruzzo.it:443\/agenzia\/wp-content\/uploads\/2025\/06\/974f9e90-4666-4afa-baa4-9529f4bcd5ec-scaled.jpg\" \/>\n\t<meta property=\"og:image:width\" content=\"2560\" \/>\n\t<meta property=\"og:image:height\" content=\"1920\" \/>\n\t<meta property=\"og:image:type\" content=\"image\/jpeg\" \/>\n<meta name=\"author\" content=\"Ferter1975\" \/>\n<meta name=\"twitter:card\" content=\"summary_large_image\" \/>\n<meta name=\"twitter:label1\" content=\"Scritto da\" \/>\n\t<meta name=\"twitter:data1\" content=\"Ferter1975\" \/>\n\t<meta name=\"twitter:label2\" content=\"Tempo di lettura stimato\" \/>\n\t<meta name=\"twitter:data2\" content=\"3 minuti\" \/>\n<script type=\"application\/ld+json\" class=\"yoast-schema-graph\">{\"@context\":\"https:\/\/schema.org\",\"@graph\":[{\"@type\":\"WebPage\",\"@id\":\"https:\/\/protezionecivile.regione.abruzzo.it:443\/agenzia\/protezione-civile-maurizio-scelli-e-il-nuovo-direttore-dellagenzia-regionale-di-pc-marsilio-una-figura-di-altissimo-profilo-per-affrontare-le-sfide-della-gestione-del-rischio-in-ab\/\",\"url\":\"https:\/\/protezionecivile.regione.abruzzo.it:443\/agenzia\/protezione-civile-maurizio-scelli-e-il-nuovo-direttore-dellagenzia-regionale-di-pc-marsilio-una-figura-di-altissimo-profilo-per-affrontare-le-sfide-della-gestione-del-rischio-in-ab\/\",\"name\":\"[ Protezione Civile: Maurizio Scelli \u00e8 il nuovo direttore dell\u2019Agenzia Regionale di PC: Marsilio \u201cUna figura di altissimo profilo per affrontare le sfide della gestione del rischio in Abruzzo\u201d\",\"isPartOf\":{\"@id\":\"https:\/\/protezionecivile.regione.abruzzo.it:443\/agenzia\/#website\"},\"datePublished\":\"2025-06-30T16:02:53+00:00\",\"dateModified\":\"2025-06-30T16:15:50+00:00\",\"author\":{\"@id\":\"https:\/\/protezionecivile.regione.abruzzo.it:443\/agenzia\/#\/schema\/person\/b0076730d23ae3abf7bb21227f1e490d\"},\"description\":\"Agenzia Regionale di Protezione Civile Regione Abruzzo. Protezione Civile: Maurizio Scelli \u00e8 il nuovo direttore dell\u2019Agenzia Regionale di PC: Marsilio \u201cUna figura di altissimo profilo per affrontare le sfide della gestione del rischio in Abruzzo\u201d\",\"breadcrumb\":{\"@id\":\"https:\/\/protezionecivile.regione.abruzzo.it:443\/agenzia\/protezione-civile-maurizio-scelli-e-il-nuovo-direttore-dellagenzia-regionale-di-pc-marsilio-una-figura-di-altissimo-profilo-per-affrontare-le-sfide-della-gestione-del-rischio-in-ab\/#breadcrumb\"},\"inLanguage\":\"it-IT\",\"potentialAction\":[{\"@type\":\"ReadAction\",\"target\":[\"https:\/\/protezionecivile.regione.abruzzo.it:443\/agenzia\/protezione-civile-maurizio-scelli-e-il-nuovo-direttore-dellagenzia-regionale-di-pc-marsilio-una-figura-di-altissimo-profilo-per-affrontare-le-sfide-della-gestione-del-rischio-in-ab\/\"]}]},{\"@type\":\"BreadcrumbList\",\"@id\":\"https:\/\/protezionecivile.regione.abruzzo.it:443\/agenzia\/protezione-civile-maurizio-scelli-e-il-nuovo-direttore-dellagenzia-regionale-di-pc-marsilio-una-figura-di-altissimo-profilo-per-affrontare-le-sfide-della-gestione-del-rischio-in-ab\/#breadcrumb\",\"itemListElement\":[{\"@type\":\"ListItem\",\"position\":1,\"name\":\"Home\",\"item\":\"https:\/\/protezionecivile.regione.abruzzo.it:443\/agenzia\/\"},{\"@type\":\"ListItem\",\"position\":2,\"name\":\"Protezione Civile: Maurizio Scelli \u00e8 il nuovo direttore dell\u2019Agenzia Regionale di PC: Marsilio \u201cUna figura di altissimo profilo per affrontare le sfide della gestione del rischio in Abruzzo\u201d\"}]},{\"@type\":\"WebSite\",\"@id\":\"https:\/\/protezionecivile.regione.abruzzo.it:443\/agenzia\/#website\",\"url\":\"https:\/\/protezionecivile.regione.abruzzo.it:443\/agenzia\/\",\"name\":\"[ APC Regione Abruzzo\",\"description\":\"[ Agenzia Protezione Civile Regione Abruzzo\",\"potentialAction\":[{\"@type\":\"SearchAction\",\"target\":{\"@type\":\"EntryPoint\",\"urlTemplate\":\"https:\/\/protezionecivile.regione.abruzzo.it:443\/agenzia\/?s={search_term_string}\"},\"query-input\":\"required name=search_term_string\"}],\"inLanguage\":\"it-IT\"},{\"@type\":\"Person\",\"@id\":\"https:\/\/protezionecivile.regione.abruzzo.it:443\/agenzia\/#\/schema\/person\/b0076730d23ae3abf7bb21227f1e490d\",\"name\":\"Ferter1975\",\"image\":{\"@type\":\"ImageObject\",\"inLanguage\":\"it-IT\",\"@id\":\"https:\/\/protezionecivile.regione.abruzzo.it:443\/agenzia\/#\/schema\/person\/image\/\",\"url\":\"https:\/\/secure.gravatar.com\/avatar\/53ff3d880f7e4e376c64ac961b6475a99601fe01c0607b0766cab8406f0e68f5?s=96&d=mm&r=g\",\"contentUrl\":\"https:\/\/secure.gravatar.com\/avatar\/53ff3d880f7e4e376c64ac961b6475a99601fe01c0607b0766cab8406f0e68f5?s=96&d=mm&r=g\",\"caption\":\"Ferter1975\"},\"sameAs\":[\"https:\/\/protezionecivile.regione.abruzzo.it:443\/agenzia\"]}]}<\/script>\n<!-- \/ Yoast SEO plugin. -->","yoast_head_json":{"title":"[ Protezione Civile: Maurizio Scelli \u00e8 il nuovo direttore dell\u2019Agenzia Regionale di PC: Marsilio \u201cUna figura di altissimo profilo per affrontare le sfide della gestione del rischio in Abruzzo\u201d","description":"Agenzia Regionale di Protezione Civile Regione Abruzzo. Protezione Civile: Maurizio Scelli \u00e8 il nuovo direttore dell\u2019Agenzia Regionale di PC: Marsilio \u201cUna figura di altissimo profilo per affrontare le sfide della gestione del rischio in Abruzzo\u201d","robots":{"index":"index","follow":"follow","max-snippet":"max-snippet:-1","max-image-preview":"max-image-preview:large","max-video-preview":"max-video-preview:-1"},"canonical":"https:\/\/protezionecivile.regione.abruzzo.it:443\/agenzia\/protezione-civile-maurizio-scelli-e-il-nuovo-direttore-dellagenzia-regionale-di-pc-marsilio-una-figura-di-altissimo-profilo-per-affrontare-le-sfide-della-gestione-del-rischio-in-ab\/","og_locale":"it_IT","og_type":"article","og_title":"[ Protezione Civile: Maurizio Scelli \u00e8 il nuovo direttore dell\u2019Agenzia Regionale di PC: Marsilio \u201cUna figura di altissimo profilo per affrontare le sfide della gestione del rischio in Abruzzo\u201d","og_description":"Agenzia Regionale di Protezione Civile Regione Abruzzo. Protezione Civile: Maurizio Scelli \u00e8 il nuovo direttore dell\u2019Agenzia Regionale di PC: Marsilio \u201cUna figura di altissimo profilo per affrontare le sfide della gestione del rischio in Abruzzo\u201d","og_url":"https:\/\/protezionecivile.regione.abruzzo.it:443\/agenzia\/protezione-civile-maurizio-scelli-e-il-nuovo-direttore-dellagenzia-regionale-di-pc-marsilio-una-figura-di-altissimo-profilo-per-affrontare-le-sfide-della-gestione-del-rischio-in-ab\/","og_site_name":"[ APC Regione Abruzzo","article_published_time":"2025-06-30T16:02:53+00:00","article_modified_time":"2025-06-30T16:15:50+00:00","og_image":[{"width":2560,"height":1920,"url":"https:\/\/protezionecivile.regione.abruzzo.it:443\/agenzia\/wp-content\/uploads\/2025\/06\/974f9e90-4666-4afa-baa4-9529f4bcd5ec-scaled.jpg","type":"image\/jpeg"}],"author":"Ferter1975","twitter_card":"summary_large_image","twitter_misc":{"Scritto da":"Ferter1975","Tempo di lettura stimato":"3 minuti"},"schema":{"@context":"https:\/\/schema.org","@graph":[{"@type":"WebPage","@id":"https:\/\/protezionecivile.regione.abruzzo.it:443\/agenzia\/protezione-civile-maurizio-scelli-e-il-nuovo-direttore-dellagenzia-regionale-di-pc-marsilio-una-figura-di-altissimo-profilo-per-affrontare-le-sfide-della-gestione-del-rischio-in-ab\/","url":"https:\/\/protezionecivile.regione.abruzzo.it:443\/agenzia\/protezione-civile-maurizio-scelli-e-il-nuovo-direttore-dellagenzia-regionale-di-pc-marsilio-una-figura-di-altissimo-profilo-per-affrontare-le-sfide-della-gestione-del-rischio-in-ab\/","name":"[ Protezione Civile: Maurizio Scelli \u00e8 il nuovo direttore dell\u2019Agenzia Regionale di PC: Marsilio \u201cUna figura di altissimo profilo per affrontare le sfide della gestione del rischio in Abruzzo\u201d","isPartOf":{"@id":"https:\/\/protezionecivile.regione.abruzzo.it:443\/agenzia\/#website"},"datePublished":"2025-06-30T16:02:53+00:00","dateModified":"2025-06-30T16:15:50+00:00","author":{"@id":"https:\/\/protezionecivile.regione.abruzzo.it:443\/agenzia\/#\/schema\/person\/b0076730d23ae3abf7bb21227f1e490d"},"description":"Agenzia Regionale di Protezione Civile Regione Abruzzo. Protezione Civile: Maurizio Scelli \u00e8 il nuovo direttore dell\u2019Agenzia Regionale di PC: Marsilio \u201cUna figura di altissimo profilo per affrontare le sfide della gestione del rischio in Abruzzo\u201d","breadcrumb":{"@id":"https:\/\/protezionecivile.regione.abruzzo.it:443\/agenzia\/protezione-civile-maurizio-scelli-e-il-nuovo-direttore-dellagenzia-regionale-di-pc-marsilio-una-figura-di-altissimo-profilo-per-affrontare-le-sfide-della-gestione-del-rischio-in-ab\/#breadcrumb"},"inLanguage":"it-IT","potentialAction":[{"@type":"ReadAction","target":["https:\/\/protezionecivile.regione.abruzzo.it:443\/agenzia\/protezione-civile-maurizio-scelli-e-il-nuovo-direttore-dellagenzia-regionale-di-pc-marsilio-una-figura-di-altissimo-profilo-per-affrontare-le-sfide-della-gestione-del-rischio-in-ab\/"]}]},{"@type":"BreadcrumbList","@id":"https:\/\/protezionecivile.regione.abruzzo.it:443\/agenzia\/protezione-civile-maurizio-scelli-e-il-nuovo-direttore-dellagenzia-regionale-di-pc-marsilio-una-figura-di-altissimo-profilo-per-affrontare-le-sfide-della-gestione-del-rischio-in-ab\/#breadcrumb","itemListElement":[{"@type":"ListItem","position":1,"name":"Home","item":"https:\/\/protezionecivile.regione.abruzzo.it:443\/agenzia\/"},{"@type":"ListItem","position":2,"name":"Protezione Civile: Maurizio Scelli \u00e8 il nuovo direttore dell\u2019Agenzia Regionale di PC: Marsilio \u201cUna figura di altissimo profilo per affrontare le sfide della gestione del rischio in Abruzzo\u201d"}]},{"@type":"WebSite","@id":"https:\/\/protezionecivile.regione.abruzzo.it:443\/agenzia\/#website","url":"https:\/\/protezionecivile.regione.abruzzo.it:443\/agenzia\/","name":"[ APC Regione Abruzzo","description":"[ Agenzia Protezione Civile Regione Abruzzo","potentialAction":[{"@type":"SearchAction","target":{"@type":"EntryPoint","urlTemplate":"https:\/\/protezionecivile.regione.abruzzo.it:443\/agenzia\/?s={search_term_string}"},"query-input":"required name=search_term_string"}],"inLanguage":"it-IT"},{"@type":"Person","@id":"https:\/\/protezionecivile.regione.abruzzo.it:443\/agenzia\/#\/schema\/person\/b0076730d23ae3abf7bb21227f1e490d","name":"Ferter1975","image":{"@type":"ImageObject","inLanguage":"it-IT","@id":"https:\/\/protezionecivile.regione.abruzzo.it:443\/agenzia\/#\/schema\/person\/image\/","url":"https:\/\/secure.gravatar.com\/avatar\/53ff3d880f7e4e376c64ac961b6475a99601fe01c0607b0766cab8406f0e68f5?s=96&d=mm&r=g","contentUrl":"https:\/\/secure.gravatar.com\/avatar\/53ff3d880f7e4e376c64ac961b6475a99601fe01c0607b0766cab8406f0e68f5?s=96&d=mm&r=g","caption":"Ferter1975"},"sameAs":["https:\/\/protezionecivile.regione.abruzzo.it:443\/agenzia"]}]}},"_links":{"self":[{"href":"https:\/\/protezionecivile.regione.abruzzo.it:443\/agenzia\/wp-json\/wp\/v2\/posts\/90292","targetHints":{"allow":["GET"]}}],"collection":[{"href":"https:\/\/protezionecivile.regione.abruzzo.it:443\/agenzia\/wp-json\/wp\/v2\/posts"}],"about":[{"href":"https:\/\/protezionecivile.regione.abruzzo.it:443\/agenzia\/wp-json\/wp\/v2\/types\/post"}],"author":[{"embeddable":true,"href":"https:\/\/protezionecivile.regione.abruzzo.it:443\/agenzia\/wp-json\/wp\/v2\/users\/1"}],"replies":[{"embeddable":true,"href":"https:\/\/protezionecivile.regione.abruzzo.it:443\/agenzia\/wp-json\/wp\/v2\/comments?post=90292"}],"version-history":[{"count":5,"href":"https:\/\/protezionecivile.regione.abruzzo.it:443\/agenzia\/wp-json\/wp\/v2\/posts\/90292\/revisions"}],"predecessor-version":[{"id":90308,"href":"https:\/\/protezionecivile.regione.abruzzo.it:443\/agenzia\/wp-json\/wp\/v2\/posts\/90292\/revisions\/90308"}],"wp:featuredmedia":[{"embeddable":true,"href":"https:\/\/protezionecivile.regione.abruzzo.it:443\/agenzia\/wp-json\/wp\/v2\/media\/90298"}],"wp:attachment":[{"href":"https:\/\/protezionecivile.regione.abruzzo.it:443\/agenzia\/wp-json\/wp\/v2\/media?parent=90292"}],"wp:term":[{"taxonomy":"category","embeddable":true,"href":"https:\/\/protezionecivile.regione.abruzzo.it:443\/agenzia\/wp-json\/wp\/v2\/categories?post=90292"},{"taxonomy":"post_tag","embeddable":true,"href":"https:\/\/protezionecivile.regione.abruzzo.it:443\/agenzia\/wp-json\/wp\/v2\/tags?post=90292"}],"curies":[{"name":"wp","href":"https:\/\/api.w.org\/{rel}","templated":true}]}}