{"id":90318,"date":"2025-07-02T14:24:49","date_gmt":"2025-07-02T12:24:49","guid":{"rendered":"https:\/\/protezionecivile.regione.abruzzo.it:443\/agenzia\/?p=90318"},"modified":"2025-07-02T14:24:52","modified_gmt":"2025-07-02T12:24:52","slug":"protezione-civile-incontro-operativo-tra-il-nuovo-direttore-dellagenzia-regionale-maurizio-scelli-e-il-direttore-regionale-dei-vigili-del-fuoco-dellabruzzo-gennaro-tornatore","status":"publish","type":"post","link":"https:\/\/protezionecivile.regione.abruzzo.it:443\/agenzia\/protezione-civile-incontro-operativo-tra-il-nuovo-direttore-dellagenzia-regionale-maurizio-scelli-e-il-direttore-regionale-dei-vigili-del-fuoco-dellabruzzo-gennaro-tornatore\/","title":{"rendered":"Protezione Civile: incontro operativo tra il nuovo Direttore dell\u2019Agenzia Regionale Maurizio Scelli e il Direttore Regionale dei Vigili del Fuoco dell\u2019Abruzzo Gennaro Tornatore"},"content":{"rendered":" \n<p><\/p>\n\n\n\n<p>L\u2019Aquila, 2 luglio 2025 &#8211; Si \u00e8 svolto oggi un incontro istituzionale tra il nuovo Direttore dell\u2019Agenzia Regionale di Protezione Civile, Maurizio Scelli e il Direttore Regionale dei Vigili del Fuoco per l\u2019Abruzzo, Gennaro Tornatore. L\u2019incontro, richiesto dal Direttore Scelli, si \u00e8 tenuto in un clima di piena e rinnovata collaborazione e reciproca stima.<\/p>\n\n\n\n<p>Nel corso della riunione sono state definite le modalit\u00e0 di collaborazione tra la Regione e i Vigili del Fuoco, con particolare riferimento al ruolo della SOUP \u2013 Sala Operativa Unificata Permanente, presieduta dalla Protezione Civile regionale, quale fulcro del coordinamento interforze durante la stagione di massimo rischio.<\/p>\n\n\n\n<p>E\u2019 stata ribadita la comune volont\u00e0 di rafforzare la sinergia operativa, valorizzando le rispettive competenze e mettendo a sistema le risorse disponibili.<\/p>\n\n\n\n<p>A tal proposito, Scelli ha sottolineato: \u201cRiconosco al Corpo dei Vigili del Fuoco grande competenza e straordinaria capacit\u00e0 operativa. Da parte nostra faremo tutto il possibile per mettere l\u2019Abruzzo nelle condizioni di affrontare con maggiore serenit\u00e0 le sfide del futuro a cominciare da un contributo importante in termini di formazione del personale nell\u2019uso dei droni e delle apparecchiature pi\u00f9 avanzate, delle quali il Corpo Nazionale dei VVF \u00e8 gi\u00e0 dotato\u201d.<\/p>\n\n\n\n<p>Da parte del Direttore Tornatore \u00e8 stata manifestata la massima disponibilit\u00e0 ad organizzare dei corsi di formazione per operatori di droni per favorire la copertura operativa di tutto il territorio regionale.<\/p>\n\n\n\n<p>E\u2019 stato, infine, sottoscritto il POA \u2013 Piano Operativo Abruzzo per la campagna AIB (Antincendio Boschivo) 2025, che partir\u00e0 ufficialmente il 7 luglio che segner\u00e0 la rinnovata sinergia tra le due istituzioni cons\u00ec i9mporati per la sicurezza dei cittadini abruzzesi.<\/p>\n\n\n\n<p>Nel corso della riunione si \u00e8 discusso anche dell\u2019impiego di nuove tecnologie, in particolare dei droni per il monitoraggio e la prevenzione degli incendi. Grazie alle risorse messe a disposizione dalla Regione con la programmazione dello scorso anno, sono previste attivit\u00e0 formative destinate al personale e ai volontari della Protezione Civile, al fine di utilizzare in modo efficace questi strumenti avanzati.<\/p>\n\n\n\n<p>La Direzione Regionale dei Vigili del Fuoco, disponendo di apparecchiature di ultima generazione, ha espresso pieno apprezzamento per la proposta, rendendosi pienamente disponibile a formare piloti per droni, in grado di operare in scenari di prevenzione e di emergenza.<\/p>\n\n\n\n<p>GIZZI\/PC\/250702<\/p>\n\n\n\n<figure class=\"wp-block-gallery has-nested-images columns-default is-cropped wp-block-gallery-1 is-layout-flex wp-block-gallery-is-layout-flex\">\n<figure class=\"wp-block-image size-large\"><img loading=\"lazy\" decoding=\"async\" width=\"1024\" height=\"768\" data-id=\"90320\" src=\"https:\/\/protezionecivile.regione.abruzzo.it:443\/agenzia\/wp-content\/uploads\/2025\/07\/PHOTO-2025-07-02-13-33-08-1024x768.jpg\" alt=\"\" class=\"wp-image-90320\" srcset=\"https:\/\/protezionecivile.regione.abruzzo.it:443\/agenzia\/wp-content\/uploads\/2025\/07\/PHOTO-2025-07-02-13-33-08-1024x768.jpg 1024w, https:\/\/protezionecivile.regione.abruzzo.it:443\/agenzia\/wp-content\/uploads\/2025\/07\/PHOTO-2025-07-02-13-33-08-300x225.jpg 300w, https:\/\/protezionecivile.regione.abruzzo.it:443\/agenzia\/wp-content\/uploads\/2025\/07\/PHOTO-2025-07-02-13-33-08-768x576.jpg 768w, https:\/\/protezionecivile.regione.abruzzo.it:443\/agenzia\/wp-content\/uploads\/2025\/07\/PHOTO-2025-07-02-13-33-08-1536x1152.jpg 1536w, https:\/\/protezionecivile.regione.abruzzo.it:443\/agenzia\/wp-content\/uploads\/2025\/07\/PHOTO-2025-07-02-13-33-08.jpg 1600w\" sizes=\"auto, (max-width: 1024px) 100vw, 1024px\" \/><\/figure>\n\n\n\n<figure class=\"wp-block-image size-large\"><img loading=\"lazy\" decoding=\"async\" width=\"1024\" height=\"768\" data-id=\"90324\" src=\"https:\/\/protezionecivile.regione.abruzzo.it:443\/agenzia\/wp-content\/uploads\/2025\/07\/PHOTO-2025-07-02-13-33-081-1024x768.jpg\" alt=\"\" class=\"wp-image-90324\" srcset=\"https:\/\/protezionecivile.regione.abruzzo.it:443\/agenzia\/wp-content\/uploads\/2025\/07\/PHOTO-2025-07-02-13-33-081-1024x768.jpg 1024w, https:\/\/protezionecivile.regione.abruzzo.it:443\/agenzia\/wp-content\/uploads\/2025\/07\/PHOTO-2025-07-02-13-33-081-300x225.jpg 300w, https:\/\/protezionecivile.regione.abruzzo.it:443\/agenzia\/wp-content\/uploads\/2025\/07\/PHOTO-2025-07-02-13-33-081-768x576.jpg 768w, https:\/\/protezionecivile.regione.abruzzo.it:443\/agenzia\/wp-content\/uploads\/2025\/07\/PHOTO-2025-07-02-13-33-081-1536x1152.jpg 1536w, https:\/\/protezionecivile.regione.abruzzo.it:443\/agenzia\/wp-content\/uploads\/2025\/07\/PHOTO-2025-07-02-13-33-081.jpg 1600w\" sizes=\"auto, (max-width: 1024px) 100vw, 1024px\" \/><\/figure>\n\n\n\n<figure class=\"wp-block-image size-large\"><img loading=\"lazy\" decoding=\"async\" width=\"1024\" height=\"768\" data-id=\"90321\" src=\"https:\/\/protezionecivile.regione.abruzzo.it:443\/agenzia\/wp-content\/uploads\/2025\/07\/PHOTO-2025-07-02-13-33-082-1-1024x768.jpg\" alt=\"\" class=\"wp-image-90321\" srcset=\"https:\/\/protezionecivile.regione.abruzzo.it:443\/agenzia\/wp-content\/uploads\/2025\/07\/PHOTO-2025-07-02-13-33-082-1-1024x768.jpg 1024w, https:\/\/protezionecivile.regione.abruzzo.it:443\/agenzia\/wp-content\/uploads\/2025\/07\/PHOTO-2025-07-02-13-33-082-1-300x225.jpg 300w, https:\/\/protezionecivile.regione.abruzzo.it:443\/agenzia\/wp-content\/uploads\/2025\/07\/PHOTO-2025-07-02-13-33-082-1-768x576.jpg 768w, https:\/\/protezionecivile.regione.abruzzo.it:443\/agenzia\/wp-content\/uploads\/2025\/07\/PHOTO-2025-07-02-13-33-082-1-1536x1152.jpg 1536w, https:\/\/protezionecivile.regione.abruzzo.it:443\/agenzia\/wp-content\/uploads\/2025\/07\/PHOTO-2025-07-02-13-33-082-1.jpg 1600w\" sizes=\"auto, (max-width: 1024px) 100vw, 1024px\" \/><\/figure>\n\n\n\n<figure class=\"wp-block-image size-large\"><img loading=\"lazy\" decoding=\"async\" width=\"1024\" height=\"768\" data-id=\"90322\" src=\"https:\/\/protezionecivile.regione.abruzzo.it:443\/agenzia\/wp-content\/uploads\/2025\/07\/PHOTO-2025-07-02-13-33-083-1024x768.jpg\" alt=\"\" class=\"wp-image-90322\" srcset=\"https:\/\/protezionecivile.regione.abruzzo.it:443\/agenzia\/wp-content\/uploads\/2025\/07\/PHOTO-2025-07-02-13-33-083-1024x768.jpg 1024w, https:\/\/protezionecivile.regione.abruzzo.it:443\/agenzia\/wp-content\/uploads\/2025\/07\/PHOTO-2025-07-02-13-33-083-300x225.jpg 300w, https:\/\/protezionecivile.regione.abruzzo.it:443\/agenzia\/wp-content\/uploads\/2025\/07\/PHOTO-2025-07-02-13-33-083-768x576.jpg 768w, https:\/\/protezionecivile.regione.abruzzo.it:443\/agenzia\/wp-content\/uploads\/2025\/07\/PHOTO-2025-07-02-13-33-083-1536x1152.jpg 1536w, https:\/\/protezionecivile.regione.abruzzo.it:443\/agenzia\/wp-content\/uploads\/2025\/07\/PHOTO-2025-07-02-13-33-083.jpg 1600w\" sizes=\"auto, (max-width: 1024px) 100vw, 1024px\" \/><\/figure>\n\n\n\n<figure class=\"wp-block-image size-large\"><img loading=\"lazy\" decoding=\"async\" width=\"1024\" height=\"768\" data-id=\"90323\" src=\"https:\/\/protezionecivile.regione.abruzzo.it:443\/agenzia\/wp-content\/uploads\/2025\/07\/PHOTO-2025-07-02-13-33-08-1-1024x768.jpg\" alt=\"\" class=\"wp-image-90323\" srcset=\"https:\/\/protezionecivile.regione.abruzzo.it:443\/agenzia\/wp-content\/uploads\/2025\/07\/PHOTO-2025-07-02-13-33-08-1-1024x768.jpg 1024w, https:\/\/protezionecivile.regione.abruzzo.it:443\/agenzia\/wp-content\/uploads\/2025\/07\/PHOTO-2025-07-02-13-33-08-1-300x225.jpg 300w, https:\/\/protezionecivile.regione.abruzzo.it:443\/agenzia\/wp-content\/uploads\/2025\/07\/PHOTO-2025-07-02-13-33-08-1-768x576.jpg 768w, https:\/\/protezionecivile.regione.abruzzo.it:443\/agenzia\/wp-content\/uploads\/2025\/07\/PHOTO-2025-07-02-13-33-08-1-1536x1152.jpg 1536w, https:\/\/protezionecivile.regione.abruzzo.it:443\/agenzia\/wp-content\/uploads\/2025\/07\/PHOTO-2025-07-02-13-33-08-1.jpg 1600w\" sizes=\"auto, (max-width: 1024px) 100vw, 1024px\" \/><\/figure>\n<\/figure>\n ","protected":false},"excerpt":{"rendered":"<p> L\u2019Aquila, 2 luglio 2025 &#8211; Si \u00e8 svolto oggi un incontro istituzionale tra il nuovo Direttore dell\u2019Agenzia Regionale di Protezione Civile, Maurizio Scelli e il Direttore Regionale dei Vigili del [&hellip;] <\/p>\n","protected":false},"author":1,"featured_media":90319,"comment_status":"closed","ping_status":"closed","sticky":false,"template":"","format":"standard","meta":{"footnotes":"","_expiration-date-status":"","_expiration-date":0,"_expiration-date-type":"","_expiration-date-categories":[],"_expiration-date-options":[]},"categories":[400],"tags":[642],"class_list":["post-90318","post","type-post","status-publish","format-standard","has-post-thumbnail","hentry","category-notizie","tag-home-page"],"acf":[],"yoast_head":"<!-- This site is optimized with the Yoast SEO plugin v19.9 - https:\/\/yoast.com\/wordpress\/plugins\/seo\/ -->\n<title>[ Protezione Civile: Maurizio Scelli \u00e8 il nuovo direttore dell\u2019Agenzia Regionale di PC: Marsilio \u201cUna figura di altissimo profilo per affrontare le sfide della gestione del rischio in Abruzzo\u201d<\/title>\n<meta name=\"description\" content=\"Agenzia Regionale di Protezione Civile Regione Abruzzo. Protezione Civile: Maurizio Scelli \u00e8 il nuovo direttore dell\u2019Agenzia Regionale di PC: Marsilio \u201cUna figura di altissimo profilo per affrontare le sfide della gestione del rischio in Abruzzo\u201d\" \/>\n<meta name=\"robots\" content=\"index, follow, max-snippet:-1, max-image-preview:large, max-video-preview:-1\" \/>\n<link rel=\"canonical\" href=\"https:\/\/protezionecivile.regione.abruzzo.it:443\/agenzia\/protezione-civile-incontro-operativo-tra-il-nuovo-direttore-dellagenzia-regionale-maurizio-scelli-e-il-direttore-regionale-dei-vigili-del-fuoco-dellabruzzo-gennaro-tornatore\/\" \/>\n<meta property=\"og:locale\" content=\"it_IT\" \/>\n<meta property=\"og:type\" content=\"article\" \/>\n<meta property=\"og:title\" content=\"[ Protezione Civile: Maurizio Scelli \u00e8 il nuovo direttore dell\u2019Agenzia Regionale di PC: Marsilio \u201cUna figura di altissimo profilo per affrontare le sfide della gestione del rischio in Abruzzo\u201d\" \/>\n<meta property=\"og:description\" content=\"Agenzia Regionale di Protezione Civile Regione Abruzzo. Protezione Civile: Maurizio Scelli \u00e8 il nuovo direttore dell\u2019Agenzia Regionale di PC: Marsilio \u201cUna figura di altissimo profilo per affrontare le sfide della gestione del rischio in Abruzzo\u201d\" \/>\n<meta property=\"og:url\" content=\"https:\/\/protezionecivile.regione.abruzzo.it:443\/agenzia\/protezione-civile-incontro-operativo-tra-il-nuovo-direttore-dellagenzia-regionale-maurizio-scelli-e-il-direttore-regionale-dei-vigili-del-fuoco-dellabruzzo-gennaro-tornatore\/\" \/>\n<meta property=\"og:site_name\" content=\"[ APC Regione Abruzzo\" \/>\n<meta property=\"article:published_time\" content=\"2025-07-02T12:24:49+00:00\" \/>\n<meta property=\"article:modified_time\" content=\"2025-07-02T12:24:52+00:00\" \/>\n<meta property=\"og:image\" content=\"https:\/\/protezionecivile.regione.abruzzo.it:443\/agenzia\/wp-content\/uploads\/2025\/07\/PHOTO-2025-07-02-13-33-082.jpg\" \/>\n\t<meta property=\"og:image:width\" content=\"1600\" \/>\n\t<meta property=\"og:image:height\" content=\"1200\" \/>\n\t<meta property=\"og:image:type\" content=\"image\/jpeg\" \/>\n<meta name=\"author\" content=\"Ferter1975\" \/>\n<meta name=\"twitter:card\" content=\"summary_large_image\" \/>\n<meta name=\"twitter:label1\" content=\"Scritto da\" \/>\n\t<meta name=\"twitter:data1\" content=\"Ferter1975\" \/>\n\t<meta name=\"twitter:label2\" content=\"Tempo di lettura stimato\" \/>\n\t<meta name=\"twitter:data2\" content=\"2 minuti\" \/>\n<script type=\"application\/ld+json\" class=\"yoast-schema-graph\">{\"@context\":\"https:\/\/schema.org\",\"@graph\":[{\"@type\":\"WebPage\",\"@id\":\"https:\/\/protezionecivile.regione.abruzzo.it:443\/agenzia\/protezione-civile-incontro-operativo-tra-il-nuovo-direttore-dellagenzia-regionale-maurizio-scelli-e-il-direttore-regionale-dei-vigili-del-fuoco-dellabruzzo-gennaro-tornatore\/\",\"url\":\"https:\/\/protezionecivile.regione.abruzzo.it:443\/agenzia\/protezione-civile-incontro-operativo-tra-il-nuovo-direttore-dellagenzia-regionale-maurizio-scelli-e-il-direttore-regionale-dei-vigili-del-fuoco-dellabruzzo-gennaro-tornatore\/\",\"name\":\"[ Protezione Civile: Maurizio Scelli \u00e8 il nuovo direttore dell\u2019Agenzia Regionale di PC: Marsilio \u201cUna figura di altissimo profilo per affrontare le sfide della gestione del rischio in Abruzzo\u201d\",\"isPartOf\":{\"@id\":\"https:\/\/protezionecivile.regione.abruzzo.it:443\/agenzia\/#website\"},\"datePublished\":\"2025-07-02T12:24:49+00:00\",\"dateModified\":\"2025-07-02T12:24:52+00:00\",\"author\":{\"@id\":\"https:\/\/protezionecivile.regione.abruzzo.it:443\/agenzia\/#\/schema\/person\/b0076730d23ae3abf7bb21227f1e490d\"},\"description\":\"Agenzia Regionale di Protezione Civile Regione Abruzzo. Protezione Civile: Maurizio Scelli \u00e8 il nuovo direttore dell\u2019Agenzia Regionale di PC: Marsilio \u201cUna figura di altissimo profilo per affrontare le sfide della gestione del rischio in Abruzzo\u201d\",\"breadcrumb\":{\"@id\":\"https:\/\/protezionecivile.regione.abruzzo.it:443\/agenzia\/protezione-civile-incontro-operativo-tra-il-nuovo-direttore-dellagenzia-regionale-maurizio-scelli-e-il-direttore-regionale-dei-vigili-del-fuoco-dellabruzzo-gennaro-tornatore\/#breadcrumb\"},\"inLanguage\":\"it-IT\",\"potentialAction\":[{\"@type\":\"ReadAction\",\"target\":[\"https:\/\/protezionecivile.regione.abruzzo.it:443\/agenzia\/protezione-civile-incontro-operativo-tra-il-nuovo-direttore-dellagenzia-regionale-maurizio-scelli-e-il-direttore-regionale-dei-vigili-del-fuoco-dellabruzzo-gennaro-tornatore\/\"]}]},{\"@type\":\"BreadcrumbList\",\"@id\":\"https:\/\/protezionecivile.regione.abruzzo.it:443\/agenzia\/protezione-civile-incontro-operativo-tra-il-nuovo-direttore-dellagenzia-regionale-maurizio-scelli-e-il-direttore-regionale-dei-vigili-del-fuoco-dellabruzzo-gennaro-tornatore\/#breadcrumb\",\"itemListElement\":[{\"@type\":\"ListItem\",\"position\":1,\"name\":\"Home\",\"item\":\"https:\/\/protezionecivile.regione.abruzzo.it:443\/agenzia\/\"},{\"@type\":\"ListItem\",\"position\":2,\"name\":\"Protezione Civile: incontro operativo tra il nuovo Direttore dell\u2019Agenzia Regionale Maurizio Scelli e il Direttore Regionale dei Vigili del Fuoco dell\u2019Abruzzo Gennaro Tornatore\"}]},{\"@type\":\"WebSite\",\"@id\":\"https:\/\/protezionecivile.regione.abruzzo.it:443\/agenzia\/#website\",\"url\":\"https:\/\/protezionecivile.regione.abruzzo.it:443\/agenzia\/\",\"name\":\"[ APC Regione Abruzzo\",\"description\":\"[ Agenzia Protezione Civile Regione Abruzzo\",\"potentialAction\":[{\"@type\":\"SearchAction\",\"target\":{\"@type\":\"EntryPoint\",\"urlTemplate\":\"https:\/\/protezionecivile.regione.abruzzo.it:443\/agenzia\/?s={search_term_string}\"},\"query-input\":\"required name=search_term_string\"}],\"inLanguage\":\"it-IT\"},{\"@type\":\"Person\",\"@id\":\"https:\/\/protezionecivile.regione.abruzzo.it:443\/agenzia\/#\/schema\/person\/b0076730d23ae3abf7bb21227f1e490d\",\"name\":\"Ferter1975\",\"image\":{\"@type\":\"ImageObject\",\"inLanguage\":\"it-IT\",\"@id\":\"https:\/\/protezionecivile.regione.abruzzo.it:443\/agenzia\/#\/schema\/person\/image\/\",\"url\":\"https:\/\/secure.gravatar.com\/avatar\/53ff3d880f7e4e376c64ac961b6475a99601fe01c0607b0766cab8406f0e68f5?s=96&d=mm&r=g\",\"contentUrl\":\"https:\/\/secure.gravatar.com\/avatar\/53ff3d880f7e4e376c64ac961b6475a99601fe01c0607b0766cab8406f0e68f5?s=96&d=mm&r=g\",\"caption\":\"Ferter1975\"},\"sameAs\":[\"https:\/\/protezionecivile.regione.abruzzo.it:443\/agenzia\"]}]}<\/script>\n<!-- \/ Yoast SEO plugin. -->","yoast_head_json":{"title":"[ Protezione Civile: Maurizio Scelli \u00e8 il nuovo direttore dell\u2019Agenzia Regionale di PC: Marsilio \u201cUna figura di altissimo profilo per affrontare le sfide della gestione del rischio in Abruzzo\u201d","description":"Agenzia Regionale di Protezione Civile Regione Abruzzo. Protezione Civile: Maurizio Scelli \u00e8 il nuovo direttore dell\u2019Agenzia Regionale di PC: Marsilio \u201cUna figura di altissimo profilo per affrontare le sfide della gestione del rischio in Abruzzo\u201d","robots":{"index":"index","follow":"follow","max-snippet":"max-snippet:-1","max-image-preview":"max-image-preview:large","max-video-preview":"max-video-preview:-1"},"canonical":"https:\/\/protezionecivile.regione.abruzzo.it:443\/agenzia\/protezione-civile-incontro-operativo-tra-il-nuovo-direttore-dellagenzia-regionale-maurizio-scelli-e-il-direttore-regionale-dei-vigili-del-fuoco-dellabruzzo-gennaro-tornatore\/","og_locale":"it_IT","og_type":"article","og_title":"[ Protezione Civile: Maurizio Scelli \u00e8 il nuovo direttore dell\u2019Agenzia Regionale di PC: Marsilio \u201cUna figura di altissimo profilo per affrontare le sfide della gestione del rischio in Abruzzo\u201d","og_description":"Agenzia Regionale di Protezione Civile Regione Abruzzo. Protezione Civile: Maurizio Scelli \u00e8 il nuovo direttore dell\u2019Agenzia Regionale di PC: Marsilio \u201cUna figura di altissimo profilo per affrontare le sfide della gestione del rischio in Abruzzo\u201d","og_url":"https:\/\/protezionecivile.regione.abruzzo.it:443\/agenzia\/protezione-civile-incontro-operativo-tra-il-nuovo-direttore-dellagenzia-regionale-maurizio-scelli-e-il-direttore-regionale-dei-vigili-del-fuoco-dellabruzzo-gennaro-tornatore\/","og_site_name":"[ APC Regione Abruzzo","article_published_time":"2025-07-02T12:24:49+00:00","article_modified_time":"2025-07-02T12:24:52+00:00","og_image":[{"width":1600,"height":1200,"url":"https:\/\/protezionecivile.regione.abruzzo.it:443\/agenzia\/wp-content\/uploads\/2025\/07\/PHOTO-2025-07-02-13-33-082.jpg","type":"image\/jpeg"}],"author":"Ferter1975","twitter_card":"summary_large_image","twitter_misc":{"Scritto da":"Ferter1975","Tempo di lettura stimato":"2 minuti"},"schema":{"@context":"https:\/\/schema.org","@graph":[{"@type":"WebPage","@id":"https:\/\/protezionecivile.regione.abruzzo.it:443\/agenzia\/protezione-civile-incontro-operativo-tra-il-nuovo-direttore-dellagenzia-regionale-maurizio-scelli-e-il-direttore-regionale-dei-vigili-del-fuoco-dellabruzzo-gennaro-tornatore\/","url":"https:\/\/protezionecivile.regione.abruzzo.it:443\/agenzia\/protezione-civile-incontro-operativo-tra-il-nuovo-direttore-dellagenzia-regionale-maurizio-scelli-e-il-direttore-regionale-dei-vigili-del-fuoco-dellabruzzo-gennaro-tornatore\/","name":"[ Protezione Civile: Maurizio Scelli \u00e8 il nuovo direttore dell\u2019Agenzia Regionale di PC: Marsilio \u201cUna figura di altissimo profilo per affrontare le sfide della gestione del rischio in Abruzzo\u201d","isPartOf":{"@id":"https:\/\/protezionecivile.regione.abruzzo.it:443\/agenzia\/#website"},"datePublished":"2025-07-02T12:24:49+00:00","dateModified":"2025-07-02T12:24:52+00:00","author":{"@id":"https:\/\/protezionecivile.regione.abruzzo.it:443\/agenzia\/#\/schema\/person\/b0076730d23ae3abf7bb21227f1e490d"},"description":"Agenzia Regionale di Protezione Civile Regione Abruzzo. Protezione Civile: Maurizio Scelli \u00e8 il nuovo direttore dell\u2019Agenzia Regionale di PC: Marsilio \u201cUna figura di altissimo profilo per affrontare le sfide della gestione del rischio in Abruzzo\u201d","breadcrumb":{"@id":"https:\/\/protezionecivile.regione.abruzzo.it:443\/agenzia\/protezione-civile-incontro-operativo-tra-il-nuovo-direttore-dellagenzia-regionale-maurizio-scelli-e-il-direttore-regionale-dei-vigili-del-fuoco-dellabruzzo-gennaro-tornatore\/#breadcrumb"},"inLanguage":"it-IT","potentialAction":[{"@type":"ReadAction","target":["https:\/\/protezionecivile.regione.abruzzo.it:443\/agenzia\/protezione-civile-incontro-operativo-tra-il-nuovo-direttore-dellagenzia-regionale-maurizio-scelli-e-il-direttore-regionale-dei-vigili-del-fuoco-dellabruzzo-gennaro-tornatore\/"]}]},{"@type":"BreadcrumbList","@id":"https:\/\/protezionecivile.regione.abruzzo.it:443\/agenzia\/protezione-civile-incontro-operativo-tra-il-nuovo-direttore-dellagenzia-regionale-maurizio-scelli-e-il-direttore-regionale-dei-vigili-del-fuoco-dellabruzzo-gennaro-tornatore\/#breadcrumb","itemListElement":[{"@type":"ListItem","position":1,"name":"Home","item":"https:\/\/protezionecivile.regione.abruzzo.it:443\/agenzia\/"},{"@type":"ListItem","position":2,"name":"Protezione Civile: incontro operativo tra il nuovo Direttore dell\u2019Agenzia Regionale Maurizio Scelli e il Direttore Regionale dei Vigili del Fuoco dell\u2019Abruzzo Gennaro Tornatore"}]},{"@type":"WebSite","@id":"https:\/\/protezionecivile.regione.abruzzo.it:443\/agenzia\/#website","url":"https:\/\/protezionecivile.regione.abruzzo.it:443\/agenzia\/","name":"[ APC Regione Abruzzo","description":"[ Agenzia Protezione Civile Regione Abruzzo","potentialAction":[{"@type":"SearchAction","target":{"@type":"EntryPoint","urlTemplate":"https:\/\/protezionecivile.regione.abruzzo.it:443\/agenzia\/?s={search_term_string}"},"query-input":"required name=search_term_string"}],"inLanguage":"it-IT"},{"@type":"Person","@id":"https:\/\/protezionecivile.regione.abruzzo.it:443\/agenzia\/#\/schema\/person\/b0076730d23ae3abf7bb21227f1e490d","name":"Ferter1975","image":{"@type":"ImageObject","inLanguage":"it-IT","@id":"https:\/\/protezionecivile.regione.abruzzo.it:443\/agenzia\/#\/schema\/person\/image\/","url":"https:\/\/secure.gravatar.com\/avatar\/53ff3d880f7e4e376c64ac961b6475a99601fe01c0607b0766cab8406f0e68f5?s=96&d=mm&r=g","contentUrl":"https:\/\/secure.gravatar.com\/avatar\/53ff3d880f7e4e376c64ac961b6475a99601fe01c0607b0766cab8406f0e68f5?s=96&d=mm&r=g","caption":"Ferter1975"},"sameAs":["https:\/\/protezionecivile.regione.abruzzo.it:443\/agenzia"]}]}},"_links":{"self":[{"href":"https:\/\/protezionecivile.regione.abruzzo.it:443\/agenzia\/wp-json\/wp\/v2\/posts\/90318","targetHints":{"allow":["GET"]}}],"collection":[{"href":"https:\/\/protezionecivile.regione.abruzzo.it:443\/agenzia\/wp-json\/wp\/v2\/posts"}],"about":[{"href":"https:\/\/protezionecivile.regione.abruzzo.it:443\/agenzia\/wp-json\/wp\/v2\/types\/post"}],"author":[{"embeddable":true,"href":"https:\/\/protezionecivile.regione.abruzzo.it:443\/agenzia\/wp-json\/wp\/v2\/users\/1"}],"replies":[{"embeddable":true,"href":"https:\/\/protezionecivile.regione.abruzzo.it:443\/agenzia\/wp-json\/wp\/v2\/comments?post=90318"}],"version-history":[{"count":2,"href":"https:\/\/protezionecivile.regione.abruzzo.it:443\/agenzia\/wp-json\/wp\/v2\/posts\/90318\/revisions"}],"predecessor-version":[{"id":90326,"href":"https:\/\/protezionecivile.regione.abruzzo.it:443\/agenzia\/wp-json\/wp\/v2\/posts\/90318\/revisions\/90326"}],"wp:featuredmedia":[{"embeddable":true,"href":"https:\/\/protezionecivile.regione.abruzzo.it:443\/agenzia\/wp-json\/wp\/v2\/media\/90319"}],"wp:attachment":[{"href":"https:\/\/protezionecivile.regione.abruzzo.it:443\/agenzia\/wp-json\/wp\/v2\/media?parent=90318"}],"wp:term":[{"taxonomy":"category","embeddable":true,"href":"https:\/\/protezionecivile.regione.abruzzo.it:443\/agenzia\/wp-json\/wp\/v2\/categories?post=90318"},{"taxonomy":"post_tag","embeddable":true,"href":"https:\/\/protezionecivile.regione.abruzzo.it:443\/agenzia\/wp-json\/wp\/v2\/tags?post=90318"}],"curies":[{"name":"wp","href":"https:\/\/api.w.org\/{rel}","templated":true}]}}