{"id":90334,"date":"2025-07-03T12:49:00","date_gmt":"2025-07-03T10:49:00","guid":{"rendered":"https:\/\/protezionecivile.regione.abruzzo.it:443\/agenzia\/?p=90334"},"modified":"2025-07-03T15:51:14","modified_gmt":"2025-07-03T13:51:14","slug":"giovanissimi-partecipanti-del-campo-scuola-anchio-sono-la-protezione-civile-in-visita-alle-strutture-operative-dellagenzia-regionale-di-pc","status":"publish","type":"post","link":"https:\/\/protezionecivile.regione.abruzzo.it:443\/agenzia\/giovanissimi-partecipanti-del-campo-scuola-anchio-sono-la-protezione-civile-in-visita-alle-strutture-operative-dellagenzia-regionale-di-pc\/","title":{"rendered":"Giovanissimi partecipanti del campo scuola \u201cAnch\u2019io sono la Protezione Civile\u201d in visita alle strutture operative dell\u2019Agenzia Regionale di PC"},"content":{"rendered":" \n<figure class=\"wp-block-image size-large\"><img loading=\"lazy\" decoding=\"async\" width=\"1024\" height=\"768\" src=\"https:\/\/protezionecivile.regione.abruzzo.it:443\/agenzia\/wp-content\/uploads\/2025\/07\/foto-io-non-rischio-1024x768.png\" alt=\"\" class=\"wp-image-90335\" srcset=\"https:\/\/protezionecivile.regione.abruzzo.it:443\/agenzia\/wp-content\/uploads\/2025\/07\/foto-io-non-rischio-1024x768.png 1024w, https:\/\/protezionecivile.regione.abruzzo.it:443\/agenzia\/wp-content\/uploads\/2025\/07\/foto-io-non-rischio-300x225.png 300w, https:\/\/protezionecivile.regione.abruzzo.it:443\/agenzia\/wp-content\/uploads\/2025\/07\/foto-io-non-rischio-768x576.png 768w, https:\/\/protezionecivile.regione.abruzzo.it:443\/agenzia\/wp-content\/uploads\/2025\/07\/foto-io-non-rischio-1536x1152.png 1536w, https:\/\/protezionecivile.regione.abruzzo.it:443\/agenzia\/wp-content\/uploads\/2025\/07\/foto-io-non-rischio.png 1600w\" sizes=\"auto, (max-width: 1024px) 100vw, 1024px\" \/><\/figure>\n\n\n\n<p>L\u2019Aquila, 3 luglio 2025 \u2013 Nell\u2019ambito dell\u2019iniziativa nazionale \u201c<a href=\"https:\/\/protezionecivile.regione.abruzzo.it\/agenzia\/sei-un-giovane-tra-i-10-e-i-16-anni-partecipa-al-campo-scuola-anchio-sono-la-protezione-civile\/\">Anch\u2019io sono la Protezione Civile<\/a>\u201d, promossa dal Dipartimento di Protezione Civile e rivolta ai giovani tra i 10 e i 16 anni, gruppi di ragazze e ragazzi partecipanti al campo scuola organizzato dall\u2019Associazione Nazionale Alpini fanno visita, in questi giorni, alle principali strutture operative della Protezione Civile della Regione Abruzzo.<br>Durante il tour esperienziale guidati da operatori dell\u2019Ana e da dipendenti dell\u2019Agenzia Regionale di PC, i giovani partecipanti hanno avuto l\u2019opportunit\u00e0 di conoscere da vicino il funzionamento del Centro Funzionale d\u2019Abruzzo, della Sala Operativa Unificata Permanente (SOUP) e della Centrale Unica di Risposta 112, cuore pulsante della gestione delle emergenze sul territorio regionale.<br>L\u2019iniziativa ha rappresentato un\u2019importante occasione formativa e di sensibilizzazione, offrendo ai ragazzi uno sguardo concreto sull\u2019organizzazione del sistema di protezione civile e sul lavoro quotidiano delle donne e degli uomini impegnati nella previsione, prevenzione e gestione delle emergenze.<br>Il progetto \u201cAnch\u2019io sono la Protezione Civile\u201d ha l\u2019obiettivo di promuovere nei pi\u00f9 giovani la cultura della protezione civile, del volontariato e della responsabilit\u00e0 civica, attraverso attivit\u00e0 teorico-pratiche, simulazioni e visite guidate come quella odierna.<br>Durante la visita, i ragazzi hanno incontrato il direttore dell\u2019Agenzia, Maurizio Scelli, al quale hanno rivolto alcune domande sul ruolo del volontariato e sulla missione sociale della Protezione Civile.<br>GIZZI\/PC\/250703<\/p>\n\n\n\n<p>Sei un giovane tra i 10 e i 16 anni? Partecipa al campo scuola &#8220;Anch&#8217;io sono la Protezione Civile&#8221;. <a href=\"https:\/\/protezionecivile.regione.abruzzo.it\/agenzia\/sei-un-giovane-tra-i-10-e-i-16-anni-partecipa-al-campo-scuola-anchio-sono-la-protezione-civile\/\" target=\"_blank\" rel=\"noreferrer noopener\">Qui maggiori informazioni<\/a>.<\/p>\n ","protected":false},"excerpt":{"rendered":"<p> L\u2019Aquila, 3 luglio 2025 \u2013 Nell\u2019ambito dell\u2019iniziativa nazionale \u201cAnch\u2019io sono la Protezione Civile\u201d, promossa dal Dipartimento di Protezione Civile e rivolta ai giovani tra i 10 e i 16 anni, [&hellip;] <\/p>\n","protected":false},"author":1,"featured_media":90335,"comment_status":"closed","ping_status":"closed","sticky":false,"template":"","format":"standard","meta":{"footnotes":"","_expiration-date-status":"","_expiration-date":0,"_expiration-date-type":"","_expiration-date-categories":[],"_expiration-date-options":[]},"categories":[400],"tags":[642],"class_list":["post-90334","post","type-post","status-publish","format-standard","has-post-thumbnail","hentry","category-notizie","tag-home-page"],"acf":[],"yoast_head":"<!-- This site is optimized with the Yoast SEO plugin v19.9 - https:\/\/yoast.com\/wordpress\/plugins\/seo\/ -->\n<title>[ Protezione Civile: Maurizio Scelli \u00e8 il nuovo direttore dell\u2019Agenzia Regionale di PC: Marsilio \u201cUna figura di altissimo profilo per affrontare le sfide della gestione del rischio in Abruzzo\u201d<\/title>\n<meta name=\"description\" content=\"Agenzia Regionale di Protezione Civile Regione Abruzzo. Protezione Civile: Maurizio Scelli \u00e8 il nuovo direttore dell\u2019Agenzia Regionale di PC: Marsilio \u201cUna figura di altissimo profilo per affrontare le sfide della gestione del rischio in Abruzzo\u201d\" \/>\n<meta name=\"robots\" content=\"index, follow, max-snippet:-1, max-image-preview:large, max-video-preview:-1\" \/>\n<link rel=\"canonical\" href=\"https:\/\/protezionecivile.regione.abruzzo.it:443\/agenzia\/giovanissimi-partecipanti-del-campo-scuola-anchio-sono-la-protezione-civile-in-visita-alle-strutture-operative-dellagenzia-regionale-di-pc\/\" \/>\n<meta property=\"og:locale\" content=\"it_IT\" \/>\n<meta property=\"og:type\" content=\"article\" \/>\n<meta property=\"og:title\" content=\"[ Protezione Civile: Maurizio Scelli \u00e8 il nuovo direttore dell\u2019Agenzia Regionale di PC: Marsilio \u201cUna figura di altissimo profilo per affrontare le sfide della gestione del rischio in Abruzzo\u201d\" \/>\n<meta property=\"og:description\" content=\"Agenzia Regionale di Protezione Civile Regione Abruzzo. Protezione Civile: Maurizio Scelli \u00e8 il nuovo direttore dell\u2019Agenzia Regionale di PC: Marsilio \u201cUna figura di altissimo profilo per affrontare le sfide della gestione del rischio in Abruzzo\u201d\" \/>\n<meta property=\"og:url\" content=\"https:\/\/protezionecivile.regione.abruzzo.it:443\/agenzia\/giovanissimi-partecipanti-del-campo-scuola-anchio-sono-la-protezione-civile-in-visita-alle-strutture-operative-dellagenzia-regionale-di-pc\/\" \/>\n<meta property=\"og:site_name\" content=\"[ APC Regione Abruzzo\" \/>\n<meta property=\"article:published_time\" content=\"2025-07-03T10:49:00+00:00\" \/>\n<meta property=\"article:modified_time\" content=\"2025-07-03T13:51:14+00:00\" \/>\n<meta property=\"og:image\" content=\"https:\/\/protezionecivile.regione.abruzzo.it:443\/agenzia\/wp-content\/uploads\/2025\/07\/foto-io-non-rischio-1024x768.png\" \/>\n\t<meta property=\"og:image:width\" content=\"1024\" \/>\n\t<meta property=\"og:image:height\" content=\"768\" \/>\n\t<meta property=\"og:image:type\" content=\"image\/png\" \/>\n<meta name=\"author\" content=\"Ferter1975\" \/>\n<meta name=\"twitter:card\" content=\"summary_large_image\" \/>\n<meta name=\"twitter:label1\" content=\"Scritto da\" \/>\n\t<meta name=\"twitter:data1\" content=\"Ferter1975\" \/>\n\t<meta name=\"twitter:label2\" content=\"Tempo di lettura stimato\" \/>\n\t<meta name=\"twitter:data2\" content=\"1 minuto\" \/>\n<script type=\"application\/ld+json\" class=\"yoast-schema-graph\">{\"@context\":\"https:\/\/schema.org\",\"@graph\":[{\"@type\":\"WebPage\",\"@id\":\"https:\/\/protezionecivile.regione.abruzzo.it:443\/agenzia\/giovanissimi-partecipanti-del-campo-scuola-anchio-sono-la-protezione-civile-in-visita-alle-strutture-operative-dellagenzia-regionale-di-pc\/\",\"url\":\"https:\/\/protezionecivile.regione.abruzzo.it:443\/agenzia\/giovanissimi-partecipanti-del-campo-scuola-anchio-sono-la-protezione-civile-in-visita-alle-strutture-operative-dellagenzia-regionale-di-pc\/\",\"name\":\"[ Protezione Civile: Maurizio Scelli \u00e8 il nuovo direttore dell\u2019Agenzia Regionale di PC: Marsilio \u201cUna figura di altissimo profilo per affrontare le sfide della gestione del rischio in Abruzzo\u201d\",\"isPartOf\":{\"@id\":\"https:\/\/protezionecivile.regione.abruzzo.it:443\/agenzia\/#website\"},\"datePublished\":\"2025-07-03T10:49:00+00:00\",\"dateModified\":\"2025-07-03T13:51:14+00:00\",\"author\":{\"@id\":\"https:\/\/protezionecivile.regione.abruzzo.it:443\/agenzia\/#\/schema\/person\/b0076730d23ae3abf7bb21227f1e490d\"},\"description\":\"Agenzia Regionale di Protezione Civile Regione Abruzzo. Protezione Civile: Maurizio Scelli \u00e8 il nuovo direttore dell\u2019Agenzia Regionale di PC: Marsilio \u201cUna figura di altissimo profilo per affrontare le sfide della gestione del rischio in Abruzzo\u201d\",\"breadcrumb\":{\"@id\":\"https:\/\/protezionecivile.regione.abruzzo.it:443\/agenzia\/giovanissimi-partecipanti-del-campo-scuola-anchio-sono-la-protezione-civile-in-visita-alle-strutture-operative-dellagenzia-regionale-di-pc\/#breadcrumb\"},\"inLanguage\":\"it-IT\",\"potentialAction\":[{\"@type\":\"ReadAction\",\"target\":[\"https:\/\/protezionecivile.regione.abruzzo.it:443\/agenzia\/giovanissimi-partecipanti-del-campo-scuola-anchio-sono-la-protezione-civile-in-visita-alle-strutture-operative-dellagenzia-regionale-di-pc\/\"]}]},{\"@type\":\"BreadcrumbList\",\"@id\":\"https:\/\/protezionecivile.regione.abruzzo.it:443\/agenzia\/giovanissimi-partecipanti-del-campo-scuola-anchio-sono-la-protezione-civile-in-visita-alle-strutture-operative-dellagenzia-regionale-di-pc\/#breadcrumb\",\"itemListElement\":[{\"@type\":\"ListItem\",\"position\":1,\"name\":\"Home\",\"item\":\"https:\/\/protezionecivile.regione.abruzzo.it:443\/agenzia\/\"},{\"@type\":\"ListItem\",\"position\":2,\"name\":\"Giovanissimi partecipanti del campo scuola \u201cAnch\u2019io sono la Protezione Civile\u201d in visita alle strutture operative dell\u2019Agenzia Regionale di PC\"}]},{\"@type\":\"WebSite\",\"@id\":\"https:\/\/protezionecivile.regione.abruzzo.it:443\/agenzia\/#website\",\"url\":\"https:\/\/protezionecivile.regione.abruzzo.it:443\/agenzia\/\",\"name\":\"[ APC Regione Abruzzo\",\"description\":\"[ Agenzia Protezione Civile Regione Abruzzo\",\"potentialAction\":[{\"@type\":\"SearchAction\",\"target\":{\"@type\":\"EntryPoint\",\"urlTemplate\":\"https:\/\/protezionecivile.regione.abruzzo.it:443\/agenzia\/?s={search_term_string}\"},\"query-input\":\"required name=search_term_string\"}],\"inLanguage\":\"it-IT\"},{\"@type\":\"Person\",\"@id\":\"https:\/\/protezionecivile.regione.abruzzo.it:443\/agenzia\/#\/schema\/person\/b0076730d23ae3abf7bb21227f1e490d\",\"name\":\"Ferter1975\",\"image\":{\"@type\":\"ImageObject\",\"inLanguage\":\"it-IT\",\"@id\":\"https:\/\/protezionecivile.regione.abruzzo.it:443\/agenzia\/#\/schema\/person\/image\/\",\"url\":\"https:\/\/secure.gravatar.com\/avatar\/53ff3d880f7e4e376c64ac961b6475a99601fe01c0607b0766cab8406f0e68f5?s=96&d=mm&r=g\",\"contentUrl\":\"https:\/\/secure.gravatar.com\/avatar\/53ff3d880f7e4e376c64ac961b6475a99601fe01c0607b0766cab8406f0e68f5?s=96&d=mm&r=g\",\"caption\":\"Ferter1975\"},\"sameAs\":[\"https:\/\/protezionecivile.regione.abruzzo.it:443\/agenzia\"]}]}<\/script>\n<!-- \/ Yoast SEO plugin. -->","yoast_head_json":{"title":"[ Protezione Civile: Maurizio Scelli \u00e8 il nuovo direttore dell\u2019Agenzia Regionale di PC: Marsilio \u201cUna figura di altissimo profilo per affrontare le sfide della gestione del rischio in Abruzzo\u201d","description":"Agenzia Regionale di Protezione Civile Regione Abruzzo. Protezione Civile: Maurizio Scelli \u00e8 il nuovo direttore dell\u2019Agenzia Regionale di PC: Marsilio \u201cUna figura di altissimo profilo per affrontare le sfide della gestione del rischio in Abruzzo\u201d","robots":{"index":"index","follow":"follow","max-snippet":"max-snippet:-1","max-image-preview":"max-image-preview:large","max-video-preview":"max-video-preview:-1"},"canonical":"https:\/\/protezionecivile.regione.abruzzo.it:443\/agenzia\/giovanissimi-partecipanti-del-campo-scuola-anchio-sono-la-protezione-civile-in-visita-alle-strutture-operative-dellagenzia-regionale-di-pc\/","og_locale":"it_IT","og_type":"article","og_title":"[ Protezione Civile: Maurizio Scelli \u00e8 il nuovo direttore dell\u2019Agenzia Regionale di PC: Marsilio \u201cUna figura di altissimo profilo per affrontare le sfide della gestione del rischio in Abruzzo\u201d","og_description":"Agenzia Regionale di Protezione Civile Regione Abruzzo. Protezione Civile: Maurizio Scelli \u00e8 il nuovo direttore dell\u2019Agenzia Regionale di PC: Marsilio \u201cUna figura di altissimo profilo per affrontare le sfide della gestione del rischio in Abruzzo\u201d","og_url":"https:\/\/protezionecivile.regione.abruzzo.it:443\/agenzia\/giovanissimi-partecipanti-del-campo-scuola-anchio-sono-la-protezione-civile-in-visita-alle-strutture-operative-dellagenzia-regionale-di-pc\/","og_site_name":"[ APC Regione Abruzzo","article_published_time":"2025-07-03T10:49:00+00:00","article_modified_time":"2025-07-03T13:51:14+00:00","og_image":[{"width":1024,"height":768,"url":"https:\/\/protezionecivile.regione.abruzzo.it:443\/agenzia\/wp-content\/uploads\/2025\/07\/foto-io-non-rischio-1024x768.png","type":"image\/png"}],"author":"Ferter1975","twitter_card":"summary_large_image","twitter_misc":{"Scritto da":"Ferter1975","Tempo di lettura stimato":"1 minuto"},"schema":{"@context":"https:\/\/schema.org","@graph":[{"@type":"WebPage","@id":"https:\/\/protezionecivile.regione.abruzzo.it:443\/agenzia\/giovanissimi-partecipanti-del-campo-scuola-anchio-sono-la-protezione-civile-in-visita-alle-strutture-operative-dellagenzia-regionale-di-pc\/","url":"https:\/\/protezionecivile.regione.abruzzo.it:443\/agenzia\/giovanissimi-partecipanti-del-campo-scuola-anchio-sono-la-protezione-civile-in-visita-alle-strutture-operative-dellagenzia-regionale-di-pc\/","name":"[ Protezione Civile: Maurizio Scelli \u00e8 il nuovo direttore dell\u2019Agenzia Regionale di PC: Marsilio \u201cUna figura di altissimo profilo per affrontare le sfide della gestione del rischio in Abruzzo\u201d","isPartOf":{"@id":"https:\/\/protezionecivile.regione.abruzzo.it:443\/agenzia\/#website"},"datePublished":"2025-07-03T10:49:00+00:00","dateModified":"2025-07-03T13:51:14+00:00","author":{"@id":"https:\/\/protezionecivile.regione.abruzzo.it:443\/agenzia\/#\/schema\/person\/b0076730d23ae3abf7bb21227f1e490d"},"description":"Agenzia Regionale di Protezione Civile Regione Abruzzo. Protezione Civile: Maurizio Scelli \u00e8 il nuovo direttore dell\u2019Agenzia Regionale di PC: Marsilio \u201cUna figura di altissimo profilo per affrontare le sfide della gestione del rischio in Abruzzo\u201d","breadcrumb":{"@id":"https:\/\/protezionecivile.regione.abruzzo.it:443\/agenzia\/giovanissimi-partecipanti-del-campo-scuola-anchio-sono-la-protezione-civile-in-visita-alle-strutture-operative-dellagenzia-regionale-di-pc\/#breadcrumb"},"inLanguage":"it-IT","potentialAction":[{"@type":"ReadAction","target":["https:\/\/protezionecivile.regione.abruzzo.it:443\/agenzia\/giovanissimi-partecipanti-del-campo-scuola-anchio-sono-la-protezione-civile-in-visita-alle-strutture-operative-dellagenzia-regionale-di-pc\/"]}]},{"@type":"BreadcrumbList","@id":"https:\/\/protezionecivile.regione.abruzzo.it:443\/agenzia\/giovanissimi-partecipanti-del-campo-scuola-anchio-sono-la-protezione-civile-in-visita-alle-strutture-operative-dellagenzia-regionale-di-pc\/#breadcrumb","itemListElement":[{"@type":"ListItem","position":1,"name":"Home","item":"https:\/\/protezionecivile.regione.abruzzo.it:443\/agenzia\/"},{"@type":"ListItem","position":2,"name":"Giovanissimi partecipanti del campo scuola \u201cAnch\u2019io sono la Protezione Civile\u201d in visita alle strutture operative dell\u2019Agenzia Regionale di PC"}]},{"@type":"WebSite","@id":"https:\/\/protezionecivile.regione.abruzzo.it:443\/agenzia\/#website","url":"https:\/\/protezionecivile.regione.abruzzo.it:443\/agenzia\/","name":"[ APC Regione Abruzzo","description":"[ Agenzia Protezione Civile Regione Abruzzo","potentialAction":[{"@type":"SearchAction","target":{"@type":"EntryPoint","urlTemplate":"https:\/\/protezionecivile.regione.abruzzo.it:443\/agenzia\/?s={search_term_string}"},"query-input":"required name=search_term_string"}],"inLanguage":"it-IT"},{"@type":"Person","@id":"https:\/\/protezionecivile.regione.abruzzo.it:443\/agenzia\/#\/schema\/person\/b0076730d23ae3abf7bb21227f1e490d","name":"Ferter1975","image":{"@type":"ImageObject","inLanguage":"it-IT","@id":"https:\/\/protezionecivile.regione.abruzzo.it:443\/agenzia\/#\/schema\/person\/image\/","url":"https:\/\/secure.gravatar.com\/avatar\/53ff3d880f7e4e376c64ac961b6475a99601fe01c0607b0766cab8406f0e68f5?s=96&d=mm&r=g","contentUrl":"https:\/\/secure.gravatar.com\/avatar\/53ff3d880f7e4e376c64ac961b6475a99601fe01c0607b0766cab8406f0e68f5?s=96&d=mm&r=g","caption":"Ferter1975"},"sameAs":["https:\/\/protezionecivile.regione.abruzzo.it:443\/agenzia"]}]}},"_links":{"self":[{"href":"https:\/\/protezionecivile.regione.abruzzo.it:443\/agenzia\/wp-json\/wp\/v2\/posts\/90334","targetHints":{"allow":["GET"]}}],"collection":[{"href":"https:\/\/protezionecivile.regione.abruzzo.it:443\/agenzia\/wp-json\/wp\/v2\/posts"}],"about":[{"href":"https:\/\/protezionecivile.regione.abruzzo.it:443\/agenzia\/wp-json\/wp\/v2\/types\/post"}],"author":[{"embeddable":true,"href":"https:\/\/protezionecivile.regione.abruzzo.it:443\/agenzia\/wp-json\/wp\/v2\/users\/1"}],"replies":[{"embeddable":true,"href":"https:\/\/protezionecivile.regione.abruzzo.it:443\/agenzia\/wp-json\/wp\/v2\/comments?post=90334"}],"version-history":[{"count":5,"href":"https:\/\/protezionecivile.regione.abruzzo.it:443\/agenzia\/wp-json\/wp\/v2\/posts\/90334\/revisions"}],"predecessor-version":[{"id":90342,"href":"https:\/\/protezionecivile.regione.abruzzo.it:443\/agenzia\/wp-json\/wp\/v2\/posts\/90334\/revisions\/90342"}],"wp:featuredmedia":[{"embeddable":true,"href":"https:\/\/protezionecivile.regione.abruzzo.it:443\/agenzia\/wp-json\/wp\/v2\/media\/90335"}],"wp:attachment":[{"href":"https:\/\/protezionecivile.regione.abruzzo.it:443\/agenzia\/wp-json\/wp\/v2\/media?parent=90334"}],"wp:term":[{"taxonomy":"category","embeddable":true,"href":"https:\/\/protezionecivile.regione.abruzzo.it:443\/agenzia\/wp-json\/wp\/v2\/categories?post=90334"},{"taxonomy":"post_tag","embeddable":true,"href":"https:\/\/protezionecivile.regione.abruzzo.it:443\/agenzia\/wp-json\/wp\/v2\/tags?post=90334"}],"curies":[{"name":"wp","href":"https:\/\/api.w.org\/{rel}","templated":true}]}}