{"id":90499,"date":"2025-07-22T13:23:33","date_gmt":"2025-07-22T11:23:33","guid":{"rendered":"https:\/\/protezionecivile.regione.abruzzo.it:443\/agenzia\/?p=90499"},"modified":"2025-07-22T13:24:21","modified_gmt":"2025-07-22T11:24:21","slug":"protezione-civile-scelli-domani-a-sulmona-su-invito-del-sindaco-tirabassi-incontro-istituzionale-con-le-componenti-locali-del-sistema-di-protezione-civile","status":"publish","type":"post","link":"https:\/\/protezionecivile.regione.abruzzo.it:443\/agenzia\/protezione-civile-scelli-domani-a-sulmona-su-invito-del-sindaco-tirabassi-incontro-istituzionale-con-le-componenti-locali-del-sistema-di-protezione-civile\/","title":{"rendered":"PROTEZIONE CIVILE: SCELLI DOMANI A SULMONA SU INVITO DEL SINDACO TIRABASSI. Incontro istituzionale con le componenti locali del sistema di protezione civile"},"content":{"rendered":" <div class=\"wp-block-image\">\n<figure class=\"aligncenter size-large\"><img loading=\"lazy\" decoding=\"async\" width=\"768\" height=\"1024\" src=\"https:\/\/protezionecivile.regione.abruzzo.it:443\/agenzia\/wp-content\/uploads\/2025\/06\/1cbccfea-7f1d-4bb0-81b6-91d6988d79a9-1-768x1024.jpg\" alt=\"\" class=\"wp-image-90303\" srcset=\"https:\/\/protezionecivile.regione.abruzzo.it:443\/agenzia\/wp-content\/uploads\/2025\/06\/1cbccfea-7f1d-4bb0-81b6-91d6988d79a9-1-768x1024.jpg 768w, https:\/\/protezionecivile.regione.abruzzo.it:443\/agenzia\/wp-content\/uploads\/2025\/06\/1cbccfea-7f1d-4bb0-81b6-91d6988d79a9-1-225x300.jpg 225w, https:\/\/protezionecivile.regione.abruzzo.it:443\/agenzia\/wp-content\/uploads\/2025\/06\/1cbccfea-7f1d-4bb0-81b6-91d6988d79a9-1-1152x1536.jpg 1152w, https:\/\/protezionecivile.regione.abruzzo.it:443\/agenzia\/wp-content\/uploads\/2025\/06\/1cbccfea-7f1d-4bb0-81b6-91d6988d79a9-1-1536x2048.jpg 1536w, https:\/\/protezionecivile.regione.abruzzo.it:443\/agenzia\/wp-content\/uploads\/2025\/06\/1cbccfea-7f1d-4bb0-81b6-91d6988d79a9-1-600x800.jpg 600w, https:\/\/protezionecivile.regione.abruzzo.it:443\/agenzia\/wp-content\/uploads\/2025\/06\/1cbccfea-7f1d-4bb0-81b6-91d6988d79a9-1-scaled.jpg 1920w\" sizes=\"auto, (max-width: 768px) 100vw, 768px\" \/><\/figure><\/div>\n\n\n<p>L\u2019Aquila, 22 luglio 2025 \u2013 Su invito del sindaco di Sulmona, Luca Tirabassi, il direttore dell\u2019Agenzia regionale di protezione civile, Maurizio Scelli, sar\u00e0 domani, mercoled\u00ec 23 luglio, in visita istituzionale nella citt\u00e0 peligna.<br>L\u2019incontro si svolger\u00e0 alle ore 10 nella sede del Municipio di Sulmona e sar\u00e0 l\u2019occasione per un confronto diretto con il primo cittadino e con tutte le componenti del sistema locale di protezione civile.<br>Nel corso della mattinata, il direttore Scelli incontrer\u00e0 il gruppo comunale di protezione civile, la delegazione locale della Croce Rossa Italiana e le altre realt\u00e0 impegnate nel sistema comunale di protezione civile.<br>L\u2019iniziativa si inserisce nel quadro degli incontri sul territorio promossi dall\u2019Agenzia di PC finalizzati a rafforzare la collaborazione istituzionale e valorizzare l\u2019impegno quotidiano delle volontarie e dei volontari abruzzesi.<br>GIZZI\/PC\/250722<\/p>\n\n\n\n<figure class=\"wp-block-gallery has-nested-images columns-default is-cropped wp-block-gallery-1 is-layout-flex wp-block-gallery-is-layout-flex\"><\/figure>\n ","protected":false},"excerpt":{"rendered":"<p> L\u2019Aquila, 22 luglio 2025 \u2013 Su invito del sindaco di Sulmona, Luca Tirabassi, il direttore dell\u2019Agenzia regionale di protezione civile, Maurizio Scelli, sar\u00e0 domani, mercoled\u00ec 23 luglio, in visita istituzionale [&hellip;] <\/p>\n","protected":false},"author":1,"featured_media":90303,"comment_status":"closed","ping_status":"closed","sticky":false,"template":"","format":"standard","meta":{"footnotes":"","_expiration-date-status":"","_expiration-date":0,"_expiration-date-type":"","_expiration-date-categories":[],"_expiration-date-options":[]},"categories":[400],"tags":[642],"class_list":["post-90499","post","type-post","status-publish","format-standard","has-post-thumbnail","hentry","category-notizie","tag-home-page"],"acf":[],"yoast_head":"<!-- This site is optimized with the Yoast SEO plugin v19.9 - https:\/\/yoast.com\/wordpress\/plugins\/seo\/ -->\n<title>[ PROTEZIONE CIVILE: SCELLI DOMANI A SULMONA SU INVITO DEL SINDACO TIRABASSI Incontro istituzionale con le componenti locali del sistema di protezione civile<\/title>\n<meta name=\"description\" content=\"Agenzia Regionale di Protezione Civile Regione Abruzzo. PROTEZIONE CIVILE: SCELLI DOMANI A SULMONA SU INVITO DEL SINDACO TIRABASSI Incontro istituzionale con le componenti locali del sistema di protezione civile\" \/>\n<meta name=\"robots\" content=\"index, follow, max-snippet:-1, max-image-preview:large, max-video-preview:-1\" \/>\n<link rel=\"canonical\" href=\"https:\/\/protezionecivile.regione.abruzzo.it:443\/agenzia\/protezione-civile-scelli-domani-a-sulmona-su-invito-del-sindaco-tirabassi-incontro-istituzionale-con-le-componenti-locali-del-sistema-di-protezione-civile\/\" \/>\n<meta property=\"og:locale\" content=\"it_IT\" \/>\n<meta property=\"og:type\" content=\"article\" \/>\n<meta property=\"og:title\" content=\"[ PROTEZIONE CIVILE: SCELLI DOMANI A SULMONA SU INVITO DEL SINDACO TIRABASSI Incontro istituzionale con le componenti locali del sistema di protezione civile\" \/>\n<meta property=\"og:description\" content=\"Agenzia Regionale di Protezione Civile Regione Abruzzo. PROTEZIONE CIVILE: SCELLI DOMANI A SULMONA SU INVITO DEL SINDACO TIRABASSI Incontro istituzionale con le componenti locali del sistema di protezione civile\" \/>\n<meta property=\"og:url\" content=\"https:\/\/protezionecivile.regione.abruzzo.it:443\/agenzia\/protezione-civile-scelli-domani-a-sulmona-su-invito-del-sindaco-tirabassi-incontro-istituzionale-con-le-componenti-locali-del-sistema-di-protezione-civile\/\" \/>\n<meta property=\"og:site_name\" content=\"[ APC Regione Abruzzo\" \/>\n<meta property=\"article:published_time\" content=\"2025-07-22T11:23:33+00:00\" \/>\n<meta property=\"article:modified_time\" content=\"2025-07-22T11:24:21+00:00\" \/>\n<meta property=\"og:image\" content=\"https:\/\/protezionecivile.regione.abruzzo.it:443\/agenzia\/wp-content\/uploads\/2025\/06\/1cbccfea-7f1d-4bb0-81b6-91d6988d79a9-1-scaled.jpg\" \/>\n\t<meta property=\"og:image:width\" content=\"1920\" \/>\n\t<meta property=\"og:image:height\" content=\"2560\" \/>\n\t<meta property=\"og:image:type\" content=\"image\/jpeg\" \/>\n<meta name=\"author\" content=\"Ferter1975\" \/>\n<meta name=\"twitter:card\" content=\"summary_large_image\" \/>\n<meta name=\"twitter:label1\" content=\"Scritto da\" \/>\n\t<meta name=\"twitter:data1\" content=\"Ferter1975\" \/>\n\t<meta name=\"twitter:label2\" content=\"Tempo di lettura stimato\" \/>\n\t<meta name=\"twitter:data2\" content=\"1 minuto\" \/>\n<script type=\"application\/ld+json\" class=\"yoast-schema-graph\">{\"@context\":\"https:\/\/schema.org\",\"@graph\":[{\"@type\":\"WebPage\",\"@id\":\"https:\/\/protezionecivile.regione.abruzzo.it:443\/agenzia\/protezione-civile-scelli-domani-a-sulmona-su-invito-del-sindaco-tirabassi-incontro-istituzionale-con-le-componenti-locali-del-sistema-di-protezione-civile\/\",\"url\":\"https:\/\/protezionecivile.regione.abruzzo.it:443\/agenzia\/protezione-civile-scelli-domani-a-sulmona-su-invito-del-sindaco-tirabassi-incontro-istituzionale-con-le-componenti-locali-del-sistema-di-protezione-civile\/\",\"name\":\"[ PROTEZIONE CIVILE: SCELLI DOMANI A SULMONA SU INVITO DEL SINDACO TIRABASSI Incontro istituzionale con le componenti locali del sistema di protezione civile\",\"isPartOf\":{\"@id\":\"https:\/\/protezionecivile.regione.abruzzo.it:443\/agenzia\/#website\"},\"datePublished\":\"2025-07-22T11:23:33+00:00\",\"dateModified\":\"2025-07-22T11:24:21+00:00\",\"author\":{\"@id\":\"https:\/\/protezionecivile.regione.abruzzo.it:443\/agenzia\/#\/schema\/person\/b0076730d23ae3abf7bb21227f1e490d\"},\"description\":\"Agenzia Regionale di Protezione Civile Regione Abruzzo. PROTEZIONE CIVILE: SCELLI DOMANI A SULMONA SU INVITO DEL SINDACO TIRABASSI Incontro istituzionale con le componenti locali del sistema di protezione civile\",\"breadcrumb\":{\"@id\":\"https:\/\/protezionecivile.regione.abruzzo.it:443\/agenzia\/protezione-civile-scelli-domani-a-sulmona-su-invito-del-sindaco-tirabassi-incontro-istituzionale-con-le-componenti-locali-del-sistema-di-protezione-civile\/#breadcrumb\"},\"inLanguage\":\"it-IT\",\"potentialAction\":[{\"@type\":\"ReadAction\",\"target\":[\"https:\/\/protezionecivile.regione.abruzzo.it:443\/agenzia\/protezione-civile-scelli-domani-a-sulmona-su-invito-del-sindaco-tirabassi-incontro-istituzionale-con-le-componenti-locali-del-sistema-di-protezione-civile\/\"]}]},{\"@type\":\"BreadcrumbList\",\"@id\":\"https:\/\/protezionecivile.regione.abruzzo.it:443\/agenzia\/protezione-civile-scelli-domani-a-sulmona-su-invito-del-sindaco-tirabassi-incontro-istituzionale-con-le-componenti-locali-del-sistema-di-protezione-civile\/#breadcrumb\",\"itemListElement\":[{\"@type\":\"ListItem\",\"position\":1,\"name\":\"Home\",\"item\":\"https:\/\/protezionecivile.regione.abruzzo.it:443\/agenzia\/\"},{\"@type\":\"ListItem\",\"position\":2,\"name\":\"PROTEZIONE CIVILE: SCELLI DOMANI A SULMONA SU INVITO DEL SINDACO TIRABASSI. Incontro istituzionale con le componenti locali del sistema di protezione civile\"}]},{\"@type\":\"WebSite\",\"@id\":\"https:\/\/protezionecivile.regione.abruzzo.it:443\/agenzia\/#website\",\"url\":\"https:\/\/protezionecivile.regione.abruzzo.it:443\/agenzia\/\",\"name\":\"[ APC Regione Abruzzo\",\"description\":\"[ Agenzia Protezione Civile Regione Abruzzo\",\"potentialAction\":[{\"@type\":\"SearchAction\",\"target\":{\"@type\":\"EntryPoint\",\"urlTemplate\":\"https:\/\/protezionecivile.regione.abruzzo.it:443\/agenzia\/?s={search_term_string}\"},\"query-input\":\"required name=search_term_string\"}],\"inLanguage\":\"it-IT\"},{\"@type\":\"Person\",\"@id\":\"https:\/\/protezionecivile.regione.abruzzo.it:443\/agenzia\/#\/schema\/person\/b0076730d23ae3abf7bb21227f1e490d\",\"name\":\"Ferter1975\",\"image\":{\"@type\":\"ImageObject\",\"inLanguage\":\"it-IT\",\"@id\":\"https:\/\/protezionecivile.regione.abruzzo.it:443\/agenzia\/#\/schema\/person\/image\/\",\"url\":\"https:\/\/secure.gravatar.com\/avatar\/53ff3d880f7e4e376c64ac961b6475a99601fe01c0607b0766cab8406f0e68f5?s=96&d=mm&r=g\",\"contentUrl\":\"https:\/\/secure.gravatar.com\/avatar\/53ff3d880f7e4e376c64ac961b6475a99601fe01c0607b0766cab8406f0e68f5?s=96&d=mm&r=g\",\"caption\":\"Ferter1975\"},\"sameAs\":[\"https:\/\/protezionecivile.regione.abruzzo.it:443\/agenzia\"]}]}<\/script>\n<!-- \/ Yoast SEO plugin. -->","yoast_head_json":{"title":"[ PROTEZIONE CIVILE: SCELLI DOMANI A SULMONA SU INVITO DEL SINDACO TIRABASSI Incontro istituzionale con le componenti locali del sistema di protezione civile","description":"Agenzia Regionale di Protezione Civile Regione Abruzzo. PROTEZIONE CIVILE: SCELLI DOMANI A SULMONA SU INVITO DEL SINDACO TIRABASSI Incontro istituzionale con le componenti locali del sistema di protezione civile","robots":{"index":"index","follow":"follow","max-snippet":"max-snippet:-1","max-image-preview":"max-image-preview:large","max-video-preview":"max-video-preview:-1"},"canonical":"https:\/\/protezionecivile.regione.abruzzo.it:443\/agenzia\/protezione-civile-scelli-domani-a-sulmona-su-invito-del-sindaco-tirabassi-incontro-istituzionale-con-le-componenti-locali-del-sistema-di-protezione-civile\/","og_locale":"it_IT","og_type":"article","og_title":"[ PROTEZIONE CIVILE: SCELLI DOMANI A SULMONA SU INVITO DEL SINDACO TIRABASSI Incontro istituzionale con le componenti locali del sistema di protezione civile","og_description":"Agenzia Regionale di Protezione Civile Regione Abruzzo. PROTEZIONE CIVILE: SCELLI DOMANI A SULMONA SU INVITO DEL SINDACO TIRABASSI Incontro istituzionale con le componenti locali del sistema di protezione civile","og_url":"https:\/\/protezionecivile.regione.abruzzo.it:443\/agenzia\/protezione-civile-scelli-domani-a-sulmona-su-invito-del-sindaco-tirabassi-incontro-istituzionale-con-le-componenti-locali-del-sistema-di-protezione-civile\/","og_site_name":"[ APC Regione Abruzzo","article_published_time":"2025-07-22T11:23:33+00:00","article_modified_time":"2025-07-22T11:24:21+00:00","og_image":[{"width":1920,"height":2560,"url":"https:\/\/protezionecivile.regione.abruzzo.it:443\/agenzia\/wp-content\/uploads\/2025\/06\/1cbccfea-7f1d-4bb0-81b6-91d6988d79a9-1-scaled.jpg","type":"image\/jpeg"}],"author":"Ferter1975","twitter_card":"summary_large_image","twitter_misc":{"Scritto da":"Ferter1975","Tempo di lettura stimato":"1 minuto"},"schema":{"@context":"https:\/\/schema.org","@graph":[{"@type":"WebPage","@id":"https:\/\/protezionecivile.regione.abruzzo.it:443\/agenzia\/protezione-civile-scelli-domani-a-sulmona-su-invito-del-sindaco-tirabassi-incontro-istituzionale-con-le-componenti-locali-del-sistema-di-protezione-civile\/","url":"https:\/\/protezionecivile.regione.abruzzo.it:443\/agenzia\/protezione-civile-scelli-domani-a-sulmona-su-invito-del-sindaco-tirabassi-incontro-istituzionale-con-le-componenti-locali-del-sistema-di-protezione-civile\/","name":"[ PROTEZIONE CIVILE: SCELLI DOMANI A SULMONA SU INVITO DEL SINDACO TIRABASSI Incontro istituzionale con le componenti locali del sistema di protezione civile","isPartOf":{"@id":"https:\/\/protezionecivile.regione.abruzzo.it:443\/agenzia\/#website"},"datePublished":"2025-07-22T11:23:33+00:00","dateModified":"2025-07-22T11:24:21+00:00","author":{"@id":"https:\/\/protezionecivile.regione.abruzzo.it:443\/agenzia\/#\/schema\/person\/b0076730d23ae3abf7bb21227f1e490d"},"description":"Agenzia Regionale di Protezione Civile Regione Abruzzo. PROTEZIONE CIVILE: SCELLI DOMANI A SULMONA SU INVITO DEL SINDACO TIRABASSI Incontro istituzionale con le componenti locali del sistema di protezione civile","breadcrumb":{"@id":"https:\/\/protezionecivile.regione.abruzzo.it:443\/agenzia\/protezione-civile-scelli-domani-a-sulmona-su-invito-del-sindaco-tirabassi-incontro-istituzionale-con-le-componenti-locali-del-sistema-di-protezione-civile\/#breadcrumb"},"inLanguage":"it-IT","potentialAction":[{"@type":"ReadAction","target":["https:\/\/protezionecivile.regione.abruzzo.it:443\/agenzia\/protezione-civile-scelli-domani-a-sulmona-su-invito-del-sindaco-tirabassi-incontro-istituzionale-con-le-componenti-locali-del-sistema-di-protezione-civile\/"]}]},{"@type":"BreadcrumbList","@id":"https:\/\/protezionecivile.regione.abruzzo.it:443\/agenzia\/protezione-civile-scelli-domani-a-sulmona-su-invito-del-sindaco-tirabassi-incontro-istituzionale-con-le-componenti-locali-del-sistema-di-protezione-civile\/#breadcrumb","itemListElement":[{"@type":"ListItem","position":1,"name":"Home","item":"https:\/\/protezionecivile.regione.abruzzo.it:443\/agenzia\/"},{"@type":"ListItem","position":2,"name":"PROTEZIONE CIVILE: SCELLI DOMANI A SULMONA SU INVITO DEL SINDACO TIRABASSI. Incontro istituzionale con le componenti locali del sistema di protezione civile"}]},{"@type":"WebSite","@id":"https:\/\/protezionecivile.regione.abruzzo.it:443\/agenzia\/#website","url":"https:\/\/protezionecivile.regione.abruzzo.it:443\/agenzia\/","name":"[ APC Regione Abruzzo","description":"[ Agenzia Protezione Civile Regione Abruzzo","potentialAction":[{"@type":"SearchAction","target":{"@type":"EntryPoint","urlTemplate":"https:\/\/protezionecivile.regione.abruzzo.it:443\/agenzia\/?s={search_term_string}"},"query-input":"required name=search_term_string"}],"inLanguage":"it-IT"},{"@type":"Person","@id":"https:\/\/protezionecivile.regione.abruzzo.it:443\/agenzia\/#\/schema\/person\/b0076730d23ae3abf7bb21227f1e490d","name":"Ferter1975","image":{"@type":"ImageObject","inLanguage":"it-IT","@id":"https:\/\/protezionecivile.regione.abruzzo.it:443\/agenzia\/#\/schema\/person\/image\/","url":"https:\/\/secure.gravatar.com\/avatar\/53ff3d880f7e4e376c64ac961b6475a99601fe01c0607b0766cab8406f0e68f5?s=96&d=mm&r=g","contentUrl":"https:\/\/secure.gravatar.com\/avatar\/53ff3d880f7e4e376c64ac961b6475a99601fe01c0607b0766cab8406f0e68f5?s=96&d=mm&r=g","caption":"Ferter1975"},"sameAs":["https:\/\/protezionecivile.regione.abruzzo.it:443\/agenzia"]}]}},"_links":{"self":[{"href":"https:\/\/protezionecivile.regione.abruzzo.it:443\/agenzia\/wp-json\/wp\/v2\/posts\/90499","targetHints":{"allow":["GET"]}}],"collection":[{"href":"https:\/\/protezionecivile.regione.abruzzo.it:443\/agenzia\/wp-json\/wp\/v2\/posts"}],"about":[{"href":"https:\/\/protezionecivile.regione.abruzzo.it:443\/agenzia\/wp-json\/wp\/v2\/types\/post"}],"author":[{"embeddable":true,"href":"https:\/\/protezionecivile.regione.abruzzo.it:443\/agenzia\/wp-json\/wp\/v2\/users\/1"}],"replies":[{"embeddable":true,"href":"https:\/\/protezionecivile.regione.abruzzo.it:443\/agenzia\/wp-json\/wp\/v2\/comments?post=90499"}],"version-history":[{"count":5,"href":"https:\/\/protezionecivile.regione.abruzzo.it:443\/agenzia\/wp-json\/wp\/v2\/posts\/90499\/revisions"}],"predecessor-version":[{"id":90505,"href":"https:\/\/protezionecivile.regione.abruzzo.it:443\/agenzia\/wp-json\/wp\/v2\/posts\/90499\/revisions\/90505"}],"wp:featuredmedia":[{"embeddable":true,"href":"https:\/\/protezionecivile.regione.abruzzo.it:443\/agenzia\/wp-json\/wp\/v2\/media\/90303"}],"wp:attachment":[{"href":"https:\/\/protezionecivile.regione.abruzzo.it:443\/agenzia\/wp-json\/wp\/v2\/media?parent=90499"}],"wp:term":[{"taxonomy":"category","embeddable":true,"href":"https:\/\/protezionecivile.regione.abruzzo.it:443\/agenzia\/wp-json\/wp\/v2\/categories?post=90499"},{"taxonomy":"post_tag","embeddable":true,"href":"https:\/\/protezionecivile.regione.abruzzo.it:443\/agenzia\/wp-json\/wp\/v2\/tags?post=90499"}],"curies":[{"name":"wp","href":"https:\/\/api.w.org\/{rel}","templated":true}]}}