{"id":90647,"date":"2025-12-22T13:34:08","date_gmt":"2025-12-22T12:34:08","guid":{"rendered":"https:\/\/protezionecivile.regione.abruzzo.it:443\/agenzia\/?p=90647"},"modified":"2025-12-22T13:41:15","modified_gmt":"2025-12-22T12:41:15","slug":"consegnati-sette-mezzi-antincendio-boschivo-alle-associazioni-di-volontariato","status":"publish","type":"post","link":"https:\/\/protezionecivile.regione.abruzzo.it:443\/agenzia\/consegnati-sette-mezzi-antincendio-boschivo-alle-associazioni-di-volontariato\/","title":{"rendered":"Consegnati sette mezzi antincendio boschivo alle associazioni di volontariato"},"content":{"rendered":" \n<p>Preturo (Aq), 22 dicembre 2025 &#8211; Questa mattina, al Polo logistico della Protezione civile regionale presso l&#8217;aeroporto dei Parchi di Preturo, si \u00e8 svolta la cerimonia di consegna di sette mezzi antincendio boschivo destinati ad altrettante associazioni di volontariato di protezione civile operanti sul territorio abruzzese: Ana di Ateleta, Protezione Civile Giustino Romano, Pivec di Castel di Sangro, ASD SAM L&#8217;Aquila, Protezione Civile Pav di Loreto, Pivec di Tornimparte, PC Pegaso.<br>Alla cerimonia ha partecipato il direttore dell\u2019Agenzia regionale di Protezione Civile della Regione Abruzzo, Maurizio Scelli, che ha sottolineato il valore strategico del rafforzamento della Colonna Mobile Regionale a supporto dei volontari impegnati nella prevenzione e nel contrasto agli incendi boschivi.<br>\u201cNon si tratta solo di una consegna di mezzi \u2013 ha sottolineato Scelli rivolgendosi ai Volontari presenti \u2013 ma di una scelta precisa: dare concretezza a un impegno che non pu\u00f2 restare soltanto nelle parole\u201d.<br>Scelli ha detto che la Protezione Civile sta procedendo nella dotazione ai volontari di mezzi e strumenti adeguati per \u201crendere efficace quella straordinaria generosit\u00e0 e dedizione che dimostrano ogni giorno sul campo\u201d.<br>Scelli ha inoltre evidenziato come la nuova dotazione si aggiunga a quelle gi\u00e0 assegnate nei mesi scorsi, in direzione di un potenziamento delle capacit\u00e0 operative del sistema regionale di protezione civile.<br>\u201cVogliamo premiare e incentivare chi ha dimostrato un impegno totale, senza riserve: queste realt\u00e0 rappresentano un modello virtuoso per tutto il sistema, perch\u00e9 la protezione civile \u00e8 prima di tutto senso di appartenenza e responsabilit\u00e0 verso la comunit\u00e0\u201d.<br>GIZZI\/APC\/251222<\/p>\n\n\n\n<p><\/p>\n\n\n\n<figure class=\"wp-block-gallery has-nested-images columns-default is-cropped wp-block-gallery-1 is-layout-flex wp-block-gallery-is-layout-flex\">\n<figure class=\"wp-block-image size-large\"><img loading=\"lazy\" decoding=\"async\" width=\"1024\" height=\"768\" data-id=\"90652\" src=\"https:\/\/protezionecivile.regione.abruzzo.it:443\/agenzia\/wp-content\/uploads\/2025\/12\/WhatsApp-Image-2025-12-22-at-12.16.34-1024x768.jpeg\" alt=\"\" class=\"wp-image-90652\" srcset=\"https:\/\/protezionecivile.regione.abruzzo.it:443\/agenzia\/wp-content\/uploads\/2025\/12\/WhatsApp-Image-2025-12-22-at-12.16.34-1024x768.jpeg 1024w, https:\/\/protezionecivile.regione.abruzzo.it:443\/agenzia\/wp-content\/uploads\/2025\/12\/WhatsApp-Image-2025-12-22-at-12.16.34-300x225.jpeg 300w, https:\/\/protezionecivile.regione.abruzzo.it:443\/agenzia\/wp-content\/uploads\/2025\/12\/WhatsApp-Image-2025-12-22-at-12.16.34-768x576.jpeg 768w, https:\/\/protezionecivile.regione.abruzzo.it:443\/agenzia\/wp-content\/uploads\/2025\/12\/WhatsApp-Image-2025-12-22-at-12.16.34-1536x1152.jpeg 1536w, https:\/\/protezionecivile.regione.abruzzo.it:443\/agenzia\/wp-content\/uploads\/2025\/12\/WhatsApp-Image-2025-12-22-at-12.16.34-2048x1536.jpeg 2048w\" sizes=\"auto, (max-width: 1024px) 100vw, 1024px\" \/><\/figure>\n\n\n\n<figure class=\"wp-block-image size-large\"><img loading=\"lazy\" decoding=\"async\" width=\"1024\" height=\"768\" data-id=\"90651\" src=\"https:\/\/protezionecivile.regione.abruzzo.it:443\/agenzia\/wp-content\/uploads\/2025\/12\/WhatsApp-Image-2025-12-22-at-12.16.33-1024x768.jpeg\" alt=\"\" class=\"wp-image-90651\" srcset=\"https:\/\/protezionecivile.regione.abruzzo.it:443\/agenzia\/wp-content\/uploads\/2025\/12\/WhatsApp-Image-2025-12-22-at-12.16.33-1024x768.jpeg 1024w, https:\/\/protezionecivile.regione.abruzzo.it:443\/agenzia\/wp-content\/uploads\/2025\/12\/WhatsApp-Image-2025-12-22-at-12.16.33-300x225.jpeg 300w, https:\/\/protezionecivile.regione.abruzzo.it:443\/agenzia\/wp-content\/uploads\/2025\/12\/WhatsApp-Image-2025-12-22-at-12.16.33-768x576.jpeg 768w, https:\/\/protezionecivile.regione.abruzzo.it:443\/agenzia\/wp-content\/uploads\/2025\/12\/WhatsApp-Image-2025-12-22-at-12.16.33-1536x1152.jpeg 1536w, https:\/\/protezionecivile.regione.abruzzo.it:443\/agenzia\/wp-content\/uploads\/2025\/12\/WhatsApp-Image-2025-12-22-at-12.16.33-2048x1536.jpeg 2048w\" sizes=\"auto, (max-width: 1024px) 100vw, 1024px\" \/><\/figure>\n\n\n\n<figure class=\"wp-block-image size-large\"><img loading=\"lazy\" decoding=\"async\" width=\"1024\" height=\"768\" data-id=\"90650\" src=\"https:\/\/protezionecivile.regione.abruzzo.it:443\/agenzia\/wp-content\/uploads\/2025\/12\/WhatsApp-Image-2025-12-22-at-12.16.34-1-1024x768.jpeg\" alt=\"\" class=\"wp-image-90650\" srcset=\"https:\/\/protezionecivile.regione.abruzzo.it:443\/agenzia\/wp-content\/uploads\/2025\/12\/WhatsApp-Image-2025-12-22-at-12.16.34-1-1024x768.jpeg 1024w, https:\/\/protezionecivile.regione.abruzzo.it:443\/agenzia\/wp-content\/uploads\/2025\/12\/WhatsApp-Image-2025-12-22-at-12.16.34-1-300x225.jpeg 300w, https:\/\/protezionecivile.regione.abruzzo.it:443\/agenzia\/wp-content\/uploads\/2025\/12\/WhatsApp-Image-2025-12-22-at-12.16.34-1-768x576.jpeg 768w, https:\/\/protezionecivile.regione.abruzzo.it:443\/agenzia\/wp-content\/uploads\/2025\/12\/WhatsApp-Image-2025-12-22-at-12.16.34-1-1536x1152.jpeg 1536w, https:\/\/protezionecivile.regione.abruzzo.it:443\/agenzia\/wp-content\/uploads\/2025\/12\/WhatsApp-Image-2025-12-22-at-12.16.34-1-2048x1536.jpeg 2048w\" sizes=\"auto, (max-width: 1024px) 100vw, 1024px\" \/><\/figure>\n\n\n\n<figure class=\"wp-block-image size-large\"><img loading=\"lazy\" decoding=\"async\" width=\"1024\" height=\"768\" data-id=\"90649\" src=\"https:\/\/protezionecivile.regione.abruzzo.it:443\/agenzia\/wp-content\/uploads\/2025\/12\/WhatsApp-Image-2025-12-22-at-12.16.34-2-1024x768.jpeg\" alt=\"\" class=\"wp-image-90649\" srcset=\"https:\/\/protezionecivile.regione.abruzzo.it:443\/agenzia\/wp-content\/uploads\/2025\/12\/WhatsApp-Image-2025-12-22-at-12.16.34-2-1024x768.jpeg 1024w, https:\/\/protezionecivile.regione.abruzzo.it:443\/agenzia\/wp-content\/uploads\/2025\/12\/WhatsApp-Image-2025-12-22-at-12.16.34-2-300x225.jpeg 300w, https:\/\/protezionecivile.regione.abruzzo.it:443\/agenzia\/wp-content\/uploads\/2025\/12\/WhatsApp-Image-2025-12-22-at-12.16.34-2-768x576.jpeg 768w, https:\/\/protezionecivile.regione.abruzzo.it:443\/agenzia\/wp-content\/uploads\/2025\/12\/WhatsApp-Image-2025-12-22-at-12.16.34-2-1536x1152.jpeg 1536w, https:\/\/protezionecivile.regione.abruzzo.it:443\/agenzia\/wp-content\/uploads\/2025\/12\/WhatsApp-Image-2025-12-22-at-12.16.34-2-2048x1536.jpeg 2048w\" sizes=\"auto, (max-width: 1024px) 100vw, 1024px\" \/><\/figure>\n<\/figure>\n\n\n\n<figure class=\"wp-block-gallery has-nested-images columns-default is-cropped wp-block-gallery-2 is-layout-flex wp-block-gallery-is-layout-flex\">\n<figure class=\"wp-block-image size-large\"><img loading=\"lazy\" decoding=\"async\" width=\"1024\" height=\"768\" data-id=\"90657\" src=\"https:\/\/protezionecivile.regione.abruzzo.it:443\/agenzia\/wp-content\/uploads\/2025\/12\/WhatsApp-Image-2025-12-22-at-12.16.32-1-1024x768.jpeg\" alt=\"\" class=\"wp-image-90657\" srcset=\"https:\/\/protezionecivile.regione.abruzzo.it:443\/agenzia\/wp-content\/uploads\/2025\/12\/WhatsApp-Image-2025-12-22-at-12.16.32-1-1024x768.jpeg 1024w, https:\/\/protezionecivile.regione.abruzzo.it:443\/agenzia\/wp-content\/uploads\/2025\/12\/WhatsApp-Image-2025-12-22-at-12.16.32-1-300x225.jpeg 300w, https:\/\/protezionecivile.regione.abruzzo.it:443\/agenzia\/wp-content\/uploads\/2025\/12\/WhatsApp-Image-2025-12-22-at-12.16.32-1-768x576.jpeg 768w, https:\/\/protezionecivile.regione.abruzzo.it:443\/agenzia\/wp-content\/uploads\/2025\/12\/WhatsApp-Image-2025-12-22-at-12.16.32-1-1536x1152.jpeg 1536w, https:\/\/protezionecivile.regione.abruzzo.it:443\/agenzia\/wp-content\/uploads\/2025\/12\/WhatsApp-Image-2025-12-22-at-12.16.32-1-2048x1536.jpeg 2048w\" sizes=\"auto, (max-width: 1024px) 100vw, 1024px\" \/><\/figure>\n\n\n\n<figure class=\"wp-block-image size-large\"><img loading=\"lazy\" decoding=\"async\" width=\"1024\" height=\"768\" data-id=\"90659\" src=\"https:\/\/protezionecivile.regione.abruzzo.it:443\/agenzia\/wp-content\/uploads\/2025\/12\/WhatsApp-Image-2025-12-22-at-12.16.32-1024x768.jpeg\" alt=\"\" class=\"wp-image-90659\" srcset=\"https:\/\/protezionecivile.regione.abruzzo.it:443\/agenzia\/wp-content\/uploads\/2025\/12\/WhatsApp-Image-2025-12-22-at-12.16.32-1024x768.jpeg 1024w, https:\/\/protezionecivile.regione.abruzzo.it:443\/agenzia\/wp-content\/uploads\/2025\/12\/WhatsApp-Image-2025-12-22-at-12.16.32-300x225.jpeg 300w, https:\/\/protezionecivile.regione.abruzzo.it:443\/agenzia\/wp-content\/uploads\/2025\/12\/WhatsApp-Image-2025-12-22-at-12.16.32-768x576.jpeg 768w, https:\/\/protezionecivile.regione.abruzzo.it:443\/agenzia\/wp-content\/uploads\/2025\/12\/WhatsApp-Image-2025-12-22-at-12.16.32-1536x1152.jpeg 1536w, https:\/\/protezionecivile.regione.abruzzo.it:443\/agenzia\/wp-content\/uploads\/2025\/12\/WhatsApp-Image-2025-12-22-at-12.16.32-2048x1536.jpeg 2048w\" sizes=\"auto, (max-width: 1024px) 100vw, 1024px\" \/><\/figure>\n\n\n\n<figure class=\"wp-block-image size-large\"><img loading=\"lazy\" decoding=\"async\" width=\"1024\" height=\"768\" data-id=\"90660\" src=\"https:\/\/protezionecivile.regione.abruzzo.it:443\/agenzia\/wp-content\/uploads\/2025\/12\/WhatsApp-Image-2025-12-22-at-12.16.33-2-1024x768.jpeg\" alt=\"\" class=\"wp-image-90660\" srcset=\"https:\/\/protezionecivile.regione.abruzzo.it:443\/agenzia\/wp-content\/uploads\/2025\/12\/WhatsApp-Image-2025-12-22-at-12.16.33-2-1024x768.jpeg 1024w, https:\/\/protezionecivile.regione.abruzzo.it:443\/agenzia\/wp-content\/uploads\/2025\/12\/WhatsApp-Image-2025-12-22-at-12.16.33-2-300x225.jpeg 300w, https:\/\/protezionecivile.regione.abruzzo.it:443\/agenzia\/wp-content\/uploads\/2025\/12\/WhatsApp-Image-2025-12-22-at-12.16.33-2-768x576.jpeg 768w, https:\/\/protezionecivile.regione.abruzzo.it:443\/agenzia\/wp-content\/uploads\/2025\/12\/WhatsApp-Image-2025-12-22-at-12.16.33-2-1536x1152.jpeg 1536w, https:\/\/protezionecivile.regione.abruzzo.it:443\/agenzia\/wp-content\/uploads\/2025\/12\/WhatsApp-Image-2025-12-22-at-12.16.33-2-2048x1536.jpeg 2048w\" sizes=\"auto, (max-width: 1024px) 100vw, 1024px\" \/><\/figure>\n\n\n\n<figure class=\"wp-block-image size-large\"><img loading=\"lazy\" decoding=\"async\" width=\"1024\" height=\"768\" data-id=\"90658\" src=\"https:\/\/protezionecivile.regione.abruzzo.it:443\/agenzia\/wp-content\/uploads\/2025\/12\/WhatsApp-Image-2025-12-22-at-12.16.33-1-1024x768.jpeg\" alt=\"\" class=\"wp-image-90658\" srcset=\"https:\/\/protezionecivile.regione.abruzzo.it:443\/agenzia\/wp-content\/uploads\/2025\/12\/WhatsApp-Image-2025-12-22-at-12.16.33-1-1024x768.jpeg 1024w, https:\/\/protezionecivile.regione.abruzzo.it:443\/agenzia\/wp-content\/uploads\/2025\/12\/WhatsApp-Image-2025-12-22-at-12.16.33-1-300x225.jpeg 300w, https:\/\/protezionecivile.regione.abruzzo.it:443\/agenzia\/wp-content\/uploads\/2025\/12\/WhatsApp-Image-2025-12-22-at-12.16.33-1-768x576.jpeg 768w, https:\/\/protezionecivile.regione.abruzzo.it:443\/agenzia\/wp-content\/uploads\/2025\/12\/WhatsApp-Image-2025-12-22-at-12.16.33-1-1536x1152.jpeg 1536w, https:\/\/protezionecivile.regione.abruzzo.it:443\/agenzia\/wp-content\/uploads\/2025\/12\/WhatsApp-Image-2025-12-22-at-12.16.33-1-2048x1536.jpeg 2048w\" sizes=\"auto, (max-width: 1024px) 100vw, 1024px\" \/><\/figure>\n<\/figure>\n ","protected":false},"excerpt":{"rendered":"<p> Preturo (Aq), 22 dicembre 2025 &#8211; Questa mattina, al Polo logistico della Protezione civile regionale presso l&#8217;aeroporto dei Parchi di Preturo, si \u00e8 svolta la cerimonia di consegna di sette [&hellip;] <\/p>\n","protected":false},"author":2,"featured_media":90649,"comment_status":"closed","ping_status":"closed","sticky":false,"template":"","format":"standard","meta":{"footnotes":"","_expiration-date-status":"","_expiration-date":0,"_expiration-date-type":"","_expiration-date-categories":[],"_expiration-date-options":[]},"categories":[400],"tags":[642],"class_list":["post-90647","post","type-post","status-publish","format-standard","has-post-thumbnail","hentry","category-notizie","tag-home-page"],"acf":[],"yoast_head":"<!-- This site is optimized with the Yoast SEO plugin v19.9 - https:\/\/yoast.com\/wordpress\/plugins\/seo\/ -->\n<title>Consegnati sette mezzi antincendio boschivo alle associazioni di volontariato<\/title>\n<meta name=\"description\" content=\"Consegnati sette mezzi antincendio boschivo alle associazioni di volontariato\" \/>\n<meta name=\"robots\" content=\"index, follow, max-snippet:-1, max-image-preview:large, max-video-preview:-1\" \/>\n<link rel=\"canonical\" href=\"https:\/\/protezionecivile.regione.abruzzo.it:443\/agenzia\/consegnati-sette-mezzi-antincendio-boschivo-alle-associazioni-di-volontariato\/\" \/>\n<meta property=\"og:locale\" content=\"it_IT\" \/>\n<meta property=\"og:type\" content=\"article\" \/>\n<meta property=\"og:title\" content=\"Consegnati sette mezzi antincendio boschivo alle associazioni di volontariato\" \/>\n<meta property=\"og:description\" content=\"Consegnati sette mezzi antincendio boschivo alle associazioni di volontariato\" \/>\n<meta property=\"og:url\" content=\"https:\/\/protezionecivile.regione.abruzzo.it:443\/agenzia\/consegnati-sette-mezzi-antincendio-boschivo-alle-associazioni-di-volontariato\/\" \/>\n<meta property=\"og:site_name\" content=\"[ APC Regione Abruzzo\" \/>\n<meta property=\"article:published_time\" content=\"2025-12-22T12:34:08+00:00\" \/>\n<meta property=\"article:modified_time\" content=\"2025-12-22T12:41:15+00:00\" \/>\n<meta property=\"og:image\" content=\"https:\/\/protezionecivile.regione.abruzzo.it:443\/agenzia\/wp-content\/uploads\/2025\/12\/WhatsApp-Image-2025-12-22-at-12.16.34-2-scaled.jpeg\" \/>\n\t<meta property=\"og:image:width\" content=\"2560\" \/>\n\t<meta property=\"og:image:height\" content=\"1920\" \/>\n\t<meta property=\"og:image:type\" content=\"image\/jpeg\" \/>\n<meta name=\"author\" content=\"Anna_2022\" \/>\n<meta name=\"twitter:card\" content=\"summary_large_image\" \/>\n<meta name=\"twitter:label1\" content=\"Scritto da\" \/>\n\t<meta name=\"twitter:data1\" content=\"Anna_2022\" \/>\n\t<meta name=\"twitter:label2\" content=\"Tempo di lettura stimato\" \/>\n\t<meta name=\"twitter:data2\" content=\"1 minuto\" \/>\n<script type=\"application\/ld+json\" class=\"yoast-schema-graph\">{\"@context\":\"https:\/\/schema.org\",\"@graph\":[{\"@type\":\"WebPage\",\"@id\":\"https:\/\/protezionecivile.regione.abruzzo.it:443\/agenzia\/consegnati-sette-mezzi-antincendio-boschivo-alle-associazioni-di-volontariato\/\",\"url\":\"https:\/\/protezionecivile.regione.abruzzo.it:443\/agenzia\/consegnati-sette-mezzi-antincendio-boschivo-alle-associazioni-di-volontariato\/\",\"name\":\"Consegnati sette mezzi antincendio boschivo alle associazioni di volontariato\",\"isPartOf\":{\"@id\":\"https:\/\/protezionecivile.regione.abruzzo.it:443\/agenzia\/#website\"},\"datePublished\":\"2025-12-22T12:34:08+00:00\",\"dateModified\":\"2025-12-22T12:41:15+00:00\",\"author\":{\"@id\":\"https:\/\/protezionecivile.regione.abruzzo.it:443\/agenzia\/#\/schema\/person\/7bfeac5ad84864a3c939e7f258200c04\"},\"description\":\"Consegnati sette mezzi antincendio boschivo alle associazioni di volontariato\",\"breadcrumb\":{\"@id\":\"https:\/\/protezionecivile.regione.abruzzo.it:443\/agenzia\/consegnati-sette-mezzi-antincendio-boschivo-alle-associazioni-di-volontariato\/#breadcrumb\"},\"inLanguage\":\"it-IT\",\"potentialAction\":[{\"@type\":\"ReadAction\",\"target\":[\"https:\/\/protezionecivile.regione.abruzzo.it:443\/agenzia\/consegnati-sette-mezzi-antincendio-boschivo-alle-associazioni-di-volontariato\/\"]}]},{\"@type\":\"BreadcrumbList\",\"@id\":\"https:\/\/protezionecivile.regione.abruzzo.it:443\/agenzia\/consegnati-sette-mezzi-antincendio-boschivo-alle-associazioni-di-volontariato\/#breadcrumb\",\"itemListElement\":[{\"@type\":\"ListItem\",\"position\":1,\"name\":\"Home\",\"item\":\"https:\/\/protezionecivile.regione.abruzzo.it:443\/agenzia\/\"},{\"@type\":\"ListItem\",\"position\":2,\"name\":\"Consegnati sette mezzi antincendio boschivo alle associazioni di volontariato\"}]},{\"@type\":\"WebSite\",\"@id\":\"https:\/\/protezionecivile.regione.abruzzo.it:443\/agenzia\/#website\",\"url\":\"https:\/\/protezionecivile.regione.abruzzo.it:443\/agenzia\/\",\"name\":\"[ APC Regione Abruzzo\",\"description\":\"[ Agenzia Protezione Civile Regione Abruzzo\",\"potentialAction\":[{\"@type\":\"SearchAction\",\"target\":{\"@type\":\"EntryPoint\",\"urlTemplate\":\"https:\/\/protezionecivile.regione.abruzzo.it:443\/agenzia\/?s={search_term_string}\"},\"query-input\":\"required name=search_term_string\"}],\"inLanguage\":\"it-IT\"},{\"@type\":\"Person\",\"@id\":\"https:\/\/protezionecivile.regione.abruzzo.it:443\/agenzia\/#\/schema\/person\/7bfeac5ad84864a3c939e7f258200c04\",\"name\":\"Anna_2022\",\"image\":{\"@type\":\"ImageObject\",\"inLanguage\":\"it-IT\",\"@id\":\"https:\/\/protezionecivile.regione.abruzzo.it:443\/agenzia\/#\/schema\/person\/image\/\",\"url\":\"https:\/\/secure.gravatar.com\/avatar\/47904bb7f0f61612227b88522743c80f5ea752e59176d5c18b2aadfdf6196a73?s=96&d=mm&r=g\",\"contentUrl\":\"https:\/\/secure.gravatar.com\/avatar\/47904bb7f0f61612227b88522743c80f5ea752e59176d5c18b2aadfdf6196a73?s=96&d=mm&r=g\",\"caption\":\"Anna_2022\"}}]}<\/script>\n<!-- \/ Yoast SEO plugin. -->","yoast_head_json":{"title":"Consegnati sette mezzi antincendio boschivo alle associazioni di volontariato","description":"Consegnati sette mezzi antincendio boschivo alle associazioni di volontariato","robots":{"index":"index","follow":"follow","max-snippet":"max-snippet:-1","max-image-preview":"max-image-preview:large","max-video-preview":"max-video-preview:-1"},"canonical":"https:\/\/protezionecivile.regione.abruzzo.it:443\/agenzia\/consegnati-sette-mezzi-antincendio-boschivo-alle-associazioni-di-volontariato\/","og_locale":"it_IT","og_type":"article","og_title":"Consegnati sette mezzi antincendio boschivo alle associazioni di volontariato","og_description":"Consegnati sette mezzi antincendio boschivo alle associazioni di volontariato","og_url":"https:\/\/protezionecivile.regione.abruzzo.it:443\/agenzia\/consegnati-sette-mezzi-antincendio-boschivo-alle-associazioni-di-volontariato\/","og_site_name":"[ APC Regione Abruzzo","article_published_time":"2025-12-22T12:34:08+00:00","article_modified_time":"2025-12-22T12:41:15+00:00","og_image":[{"width":2560,"height":1920,"url":"https:\/\/protezionecivile.regione.abruzzo.it:443\/agenzia\/wp-content\/uploads\/2025\/12\/WhatsApp-Image-2025-12-22-at-12.16.34-2-scaled.jpeg","type":"image\/jpeg"}],"author":"Anna_2022","twitter_card":"summary_large_image","twitter_misc":{"Scritto da":"Anna_2022","Tempo di lettura stimato":"1 minuto"},"schema":{"@context":"https:\/\/schema.org","@graph":[{"@type":"WebPage","@id":"https:\/\/protezionecivile.regione.abruzzo.it:443\/agenzia\/consegnati-sette-mezzi-antincendio-boschivo-alle-associazioni-di-volontariato\/","url":"https:\/\/protezionecivile.regione.abruzzo.it:443\/agenzia\/consegnati-sette-mezzi-antincendio-boschivo-alle-associazioni-di-volontariato\/","name":"Consegnati sette mezzi antincendio boschivo alle associazioni di volontariato","isPartOf":{"@id":"https:\/\/protezionecivile.regione.abruzzo.it:443\/agenzia\/#website"},"datePublished":"2025-12-22T12:34:08+00:00","dateModified":"2025-12-22T12:41:15+00:00","author":{"@id":"https:\/\/protezionecivile.regione.abruzzo.it:443\/agenzia\/#\/schema\/person\/7bfeac5ad84864a3c939e7f258200c04"},"description":"Consegnati sette mezzi antincendio boschivo alle associazioni di volontariato","breadcrumb":{"@id":"https:\/\/protezionecivile.regione.abruzzo.it:443\/agenzia\/consegnati-sette-mezzi-antincendio-boschivo-alle-associazioni-di-volontariato\/#breadcrumb"},"inLanguage":"it-IT","potentialAction":[{"@type":"ReadAction","target":["https:\/\/protezionecivile.regione.abruzzo.it:443\/agenzia\/consegnati-sette-mezzi-antincendio-boschivo-alle-associazioni-di-volontariato\/"]}]},{"@type":"BreadcrumbList","@id":"https:\/\/protezionecivile.regione.abruzzo.it:443\/agenzia\/consegnati-sette-mezzi-antincendio-boschivo-alle-associazioni-di-volontariato\/#breadcrumb","itemListElement":[{"@type":"ListItem","position":1,"name":"Home","item":"https:\/\/protezionecivile.regione.abruzzo.it:443\/agenzia\/"},{"@type":"ListItem","position":2,"name":"Consegnati sette mezzi antincendio boschivo alle associazioni di volontariato"}]},{"@type":"WebSite","@id":"https:\/\/protezionecivile.regione.abruzzo.it:443\/agenzia\/#website","url":"https:\/\/protezionecivile.regione.abruzzo.it:443\/agenzia\/","name":"[ APC Regione Abruzzo","description":"[ Agenzia Protezione Civile Regione Abruzzo","potentialAction":[{"@type":"SearchAction","target":{"@type":"EntryPoint","urlTemplate":"https:\/\/protezionecivile.regione.abruzzo.it:443\/agenzia\/?s={search_term_string}"},"query-input":"required name=search_term_string"}],"inLanguage":"it-IT"},{"@type":"Person","@id":"https:\/\/protezionecivile.regione.abruzzo.it:443\/agenzia\/#\/schema\/person\/7bfeac5ad84864a3c939e7f258200c04","name":"Anna_2022","image":{"@type":"ImageObject","inLanguage":"it-IT","@id":"https:\/\/protezionecivile.regione.abruzzo.it:443\/agenzia\/#\/schema\/person\/image\/","url":"https:\/\/secure.gravatar.com\/avatar\/47904bb7f0f61612227b88522743c80f5ea752e59176d5c18b2aadfdf6196a73?s=96&d=mm&r=g","contentUrl":"https:\/\/secure.gravatar.com\/avatar\/47904bb7f0f61612227b88522743c80f5ea752e59176d5c18b2aadfdf6196a73?s=96&d=mm&r=g","caption":"Anna_2022"}}]}},"_links":{"self":[{"href":"https:\/\/protezionecivile.regione.abruzzo.it:443\/agenzia\/wp-json\/wp\/v2\/posts\/90647","targetHints":{"allow":["GET"]}}],"collection":[{"href":"https:\/\/protezionecivile.regione.abruzzo.it:443\/agenzia\/wp-json\/wp\/v2\/posts"}],"about":[{"href":"https:\/\/protezionecivile.regione.abruzzo.it:443\/agenzia\/wp-json\/wp\/v2\/types\/post"}],"author":[{"embeddable":true,"href":"https:\/\/protezionecivile.regione.abruzzo.it:443\/agenzia\/wp-json\/wp\/v2\/users\/2"}],"replies":[{"embeddable":true,"href":"https:\/\/protezionecivile.regione.abruzzo.it:443\/agenzia\/wp-json\/wp\/v2\/comments?post=90647"}],"version-history":[{"count":5,"href":"https:\/\/protezionecivile.regione.abruzzo.it:443\/agenzia\/wp-json\/wp\/v2\/posts\/90647\/revisions"}],"predecessor-version":[{"id":90664,"href":"https:\/\/protezionecivile.regione.abruzzo.it:443\/agenzia\/wp-json\/wp\/v2\/posts\/90647\/revisions\/90664"}],"wp:featuredmedia":[{"embeddable":true,"href":"https:\/\/protezionecivile.regione.abruzzo.it:443\/agenzia\/wp-json\/wp\/v2\/media\/90649"}],"wp:attachment":[{"href":"https:\/\/protezionecivile.regione.abruzzo.it:443\/agenzia\/wp-json\/wp\/v2\/media?parent=90647"}],"wp:term":[{"taxonomy":"category","embeddable":true,"href":"https:\/\/protezionecivile.regione.abruzzo.it:443\/agenzia\/wp-json\/wp\/v2\/categories?post=90647"},{"taxonomy":"post_tag","embeddable":true,"href":"https:\/\/protezionecivile.regione.abruzzo.it:443\/agenzia\/wp-json\/wp\/v2\/tags?post=90647"}],"curies":[{"name":"wp","href":"https:\/\/api.w.org\/{rel}","templated":true}]}}